{"id":37984,"date":"2016-07-01T19:07:10","date_gmt":"2016-07-02T00:07:10","guid":{"rendered":"http:\/\/lamendigapolitica.com\/blog\/?p=37984"},"modified":"2016-07-01T19:07:10","modified_gmt":"2016-07-02T00:07:10","slug":"iniciaron-jornadas-de-reforestacion-en-el-bosque-la-primavera","status":"publish","type":"post","link":"https:\/\/lamendigapolitica.com\/?p=37984","title":{"rendered":"Iniciaron jornadas de reforestaci\u00f3n en el Bosque La Primavera"},"content":{"rendered":"<p><a href=\"https:\/\/lamendigapolitica.com\/blog\/blog\/wp-content\/uploads\/2016\/07\/semadet.jpg\" rel=\"attachment wp-att-37985\"><img loading=\"lazy\" decoding=\"async\" class=\"aligncenter size-full wp-image-37985\" src=\"https:\/\/lamendigapolitica.com\/blog\/blog\/wp-content\/uploads\/2016\/07\/semadet.jpg\" alt=\"semadet\" width=\"315\" height=\"160\" srcset=\"https:\/\/lamendigapolitica.com\/wp-content\/uploads\/2016\/07\/semadet.jpg 315w, https:\/\/lamendigapolitica.com\/wp-content\/uploads\/2016\/07\/semadet-300x152.jpg 300w\" sizes=\"auto, (max-width: 315px) 100vw, 315px\" \/><\/a><\/p>\n<p>&nbsp;<\/p>\n<p>Arrancaron con las jornadas de reforestaci\u00f3n en este importante pulm\u00f3n natural del \u00c1rea Metropolitana de Guadalajara. Como parte del Programa de Restauraci\u00f3n y Conservaci\u00f3n del \u00c1rea de Protecci\u00f3n de Flora y Fauna La Primavera, la meta de este a\u00f1o es plantar m\u00e1s de 40 mil \u00e1rboles en una superficie de alrededor de 80 hect\u00e1reas.<\/p>\n<p>&nbsp;<\/p>\n<p>Cabe se\u00f1alar que desde el pasado\u00a0 25\u00a0 y 26 de junio, se plantaron los primeros\u00a0 800 \u00e1rboles en 2 hect\u00e1reas, previo al D\u00eda Internacional del \u00c1rbol en el predio la Ci\u00e9nega Prieta. De la totalidad de la superficie destinada para la plantaci\u00f3n de \u00e1rboles, aproximadamente el 20 por ciento corresponde a reforestaciones sociales, en las que se involucra a la ciudadan\u00eda para que conozcan la importancia del \u00c1rea Natural Protegida (ANP) y de los servicios ambientales que\u00a0 brinda a la sociedad.<\/p>\n<p>&nbsp;<\/p>\n<p>El resto de los trabajos, especialmente en las \u00e1reas que representan mayor dificultad por las condiciones topogr\u00e1ficas, distancia y accesibilidad a los sitios, se llevar\u00e1 a cabo por parte de las brigadistas forestales de La Primavera y de la SEMADET. El director general del bosque, Marciano Valtierra Azotla, inform\u00f3 sobre la intenci\u00f3n de las reforestaciones de car\u00e1cter social en donde se involucran a voluntarios de empresas y sociedad civil para que participen y conozcan la importancia de estas acciones.<\/p>\n","protected":false},"excerpt":{"rendered":"<p>&nbsp; Arrancaron con las jornadas de reforestaci\u00f3n en este importante pulm\u00f3n natural del \u00c1rea Metropolitana de Guadalajara. Como parte del Programa de Restauraci\u00f3n y Conservaci\u00f3n del \u00c1rea de Protecci\u00f3n de Flora y Fauna La Primavera, la meta de este a\u00f1o es plantar m\u00e1s de 40 mil \u00e1rboles en una superficie de alrededor de 80 hect\u00e1reas. &hellip; <\/p>\n<p><a class=\"more-link btn\" href=\"https:\/\/lamendigapolitica.com\/?p=37984\">Seguir leyendo<\/a><\/p>\n","protected":false},"author":1,"featured_media":0,"comment_status":"open","ping_status":"closed","sticky":false,"template":"","format":"standard","meta":{"footnotes":""},"categories":[6,28,20,5,3,22],"tags":[],"class_list":["post-37984","post","type-post","status-publish","format-standard","hentry","category-congreso","category-educacion","category-gobierno","category-partidos","category-politica","category-sociales","item-wrap"],"_links":{"self":[{"href":"https:\/\/lamendigapolitica.com\/index.php?rest_route=\/wp\/v2\/posts\/37984","targetHints":{"allow":["GET"]}}],"collection":[{"href":"https:\/\/lamendigapolitica.com\/index.php?rest_route=\/wp\/v2\/posts"}],"about":[{"href":"https:\/\/lamendigapolitica.com\/index.php?rest_route=\/wp\/v2\/types\/post"}],"author":[{"embeddable":true,"href":"https:\/\/lamendigapolitica.com\/index.php?rest_route=\/wp\/v2\/users\/1"}],"replies":[{"embeddable":true,"href":"https:\/\/lamendigapolitica.com\/index.php?rest_route=%2Fwp%2Fv2%2Fcomments&post=37984"}],"version-history":[{"count":1,"href":"https:\/\/lamendigapolitica.com\/index.php?rest_route=\/wp\/v2\/posts\/37984\/revisions"}],"predecessor-version":[{"id":37986,"href":"https:\/\/lamendigapolitica.com\/index.php?rest_route=\/wp\/v2\/posts\/37984\/revisions\/37986"}],"wp:attachment":[{"href":"https:\/\/lamendigapolitica.com\/index.php?rest_route=%2Fwp%2Fv2%2Fmedia&parent=37984"}],"wp:term":[{"taxonomy":"category","embeddable":true,"href":"https:\/\/lamendigapolitica.com\/index.php?rest_route=%2Fwp%2Fv2%2Fcategories&post=37984"},{"taxonomy":"post_tag","embeddable":true,"href":"https:\/\/lamendigapolitica.com\/index.php?rest_route=%2Fwp%2Fv2%2Ftags&post=37984"}],"curies":[{"name":"wp","href":"https:\/\/api.w.org\/{rel}","templated":true}]}}