{"id":37978,"date":"2016-07-01T18:57:03","date_gmt":"2016-07-01T23:57:03","guid":{"rendered":"http:\/\/lamendigapolitica.com\/blog\/?p=37978"},"modified":"2016-07-01T18:57:19","modified_gmt":"2016-07-01T23:57:19","slug":"jalisco-tendra-agencia-de-energia-estatal","status":"publish","type":"post","link":"https:\/\/lamendigapolitica.com\/?p=37978","title":{"rendered":"Jalisco tendr\u00e1 Agencia de Energ\u00eda estatal"},"content":{"rendered":"<p><a href=\"https:\/\/lamendigapolitica.com\/blog\/blog\/wp-content\/uploads\/2016\/07\/aris.jpg\" rel=\"attachment wp-att-37979\"><img loading=\"lazy\" decoding=\"async\" class=\"aligncenter size-full wp-image-37979\" src=\"https:\/\/lamendigapolitica.com\/blog\/blog\/wp-content\/uploads\/2016\/07\/aris.jpg\" alt=\"aris\" width=\"300\" height=\"168\" \/><\/a><\/p>\n<p>&nbsp;<\/p>\n<p>En tres semanas se crear\u00e1 una Agencia de Energ\u00eda en Jalisco, inform\u00f3 el gobernador Arist\u00f3teles Sandoval, durante su participaci\u00f3n en el Campus Party en Expo Guadalajara, Esta agencia que funcionar\u00e1 como un Organismo P\u00fablico Descentralizado (OPD) de la SICYT, surge para promover la seguridad, eficiencia y sustentabilidad energ\u00e9tica del estado de Jalisco, a trav\u00e9s de la innovaci\u00f3n tecnol\u00f3gica, la promoci\u00f3n econ\u00f3mica, el aprovechamiento del potencial renovable y la especializaci\u00f3n de recursos humanos.<\/p>\n<p>\u201cEsta agencia se estuvo trabajando con tres principales a\u00e9reas, la Secretar\u00eda de Medio Ambiente y Desarrollo Territorial, la Secretaria de Innovaci\u00f3n Ciencia y Tecnolog\u00eda y la Secretar\u00eda de Desarrollo Econ\u00f3mico. Porque la visi\u00f3n es integral, hoy ya tenemos proyectos en puerta y en ese sentido\u201d, dijo.<\/p>\n<p>En la Agencia de Energ\u00eda se coordinar\u00e1 el desarrollo y ejecuci\u00f3n de la pol\u00edtica y la estrategia energ\u00e9tica estatal y entre otras acciones se contribuir\u00e1 al desarrollo y divulgaci\u00f3n de informaci\u00f3n t\u00e9cnica en la materia y la promoci\u00f3n del desarrollo tecnol\u00f3gico local y regional bajo en carbono en el corto mediano y largo plazo.<\/p>\n<p>\u201cLa sustentabilidad energ\u00e9tica tiene que ver con el futuro, hoy todo es energ\u00eda, pero hoy tenemos que utilizar energ\u00eda limpia y lo queremos hacer a trav\u00e9s de la innovaci\u00f3n. Y quiero invitarlos a que muchos tengan que ver con el tema de energ\u00eda, es el presente y el futuro\u201d.<\/p>\n<p>&nbsp;<\/p>\n","protected":false},"excerpt":{"rendered":"<p>&nbsp; En tres semanas se crear\u00e1 una Agencia de Energ\u00eda en Jalisco, inform\u00f3 el gobernador Arist\u00f3teles Sandoval, durante su participaci\u00f3n en el Campus Party en Expo Guadalajara, Esta agencia que funcionar\u00e1 como un Organismo P\u00fablico Descentralizado (OPD) de la SICYT, surge para promover la seguridad, eficiencia y sustentabilidad energ\u00e9tica del estado de Jalisco, a trav\u00e9s &hellip; <\/p>\n<p><a class=\"more-link btn\" href=\"https:\/\/lamendigapolitica.com\/?p=37978\">Seguir leyendo<\/a><\/p>\n","protected":false},"author":1,"featured_media":0,"comment_status":"open","ping_status":"closed","sticky":false,"template":"","format":"standard","meta":{"footnotes":""},"categories":[6,30,20,5,3],"tags":[],"class_list":["post-37978","post","type-post","status-publish","format-standard","hentry","category-congreso","category-economia","category-gobierno","category-partidos","category-politica","item-wrap"],"_links":{"self":[{"href":"https:\/\/lamendigapolitica.com\/index.php?rest_route=\/wp\/v2\/posts\/37978","targetHints":{"allow":["GET"]}}],"collection":[{"href":"https:\/\/lamendigapolitica.com\/index.php?rest_route=\/wp\/v2\/posts"}],"about":[{"href":"https:\/\/lamendigapolitica.com\/index.php?rest_route=\/wp\/v2\/types\/post"}],"author":[{"embeddable":true,"href":"https:\/\/lamendigapolitica.com\/index.php?rest_route=\/wp\/v2\/users\/1"}],"replies":[{"embeddable":true,"href":"https:\/\/lamendigapolitica.com\/index.php?rest_route=%2Fwp%2Fv2%2Fcomments&post=37978"}],"version-history":[{"count":1,"href":"https:\/\/lamendigapolitica.com\/index.php?rest_route=\/wp\/v2\/posts\/37978\/revisions"}],"predecessor-version":[{"id":37980,"href":"https:\/\/lamendigapolitica.com\/index.php?rest_route=\/wp\/v2\/posts\/37978\/revisions\/37980"}],"wp:attachment":[{"href":"https:\/\/lamendigapolitica.com\/index.php?rest_route=%2Fwp%2Fv2%2Fmedia&parent=37978"}],"wp:term":[{"taxonomy":"category","embeddable":true,"href":"https:\/\/lamendigapolitica.com\/index.php?rest_route=%2Fwp%2Fv2%2Fcategories&post=37978"},{"taxonomy":"post_tag","embeddable":true,"href":"https:\/\/lamendigapolitica.com\/index.php?rest_route=%2Fwp%2Fv2%2Ftags&post=37978"}],"curies":[{"name":"wp","href":"https:\/\/api.w.org\/{rel}","templated":true}]}}