{"id":37975,"date":"2016-07-01T14:22:27","date_gmt":"2016-07-01T19:22:27","guid":{"rendered":"http:\/\/lamendigapolitica.com\/blog\/?p=37975"},"modified":"2016-07-01T14:22:27","modified_gmt":"2016-07-01T19:22:27","slug":"el-gobierno-de-zapopan-apertura-la-avenida-royal-country","status":"publish","type":"post","link":"https:\/\/lamendigapolitica.com\/?p=37975","title":{"rendered":"El Gobierno de Zapopan apertura la Avenida Royal Country"},"content":{"rendered":"<p><a href=\"https:\/\/lamendigapolitica.com\/blog\/blog\/wp-content\/uploads\/2016\/07\/zap.jpg\" rel=\"attachment wp-att-37976\"><img loading=\"lazy\" decoding=\"async\" class=\"aligncenter  wp-image-37976\" src=\"https:\/\/lamendigapolitica.com\/blog\/blog\/wp-content\/uploads\/2016\/07\/zap.jpg\" alt=\"zap\" width=\"335\" height=\"196\" \/><\/a><\/p>\n<p>&nbsp;<\/p>\n<p>Con una inversi\u00f3n de 4.8 millones de pesos, provenientes del recurso metropolitano de Guadalajara, se trabajaron 264 metros lineales fue reabierta la Avenida Royal Country en Zapopan, La inauguraci\u00f3n de esta calle permitir\u00e1 mayor flujo vehicular, dado que, anteriormente, para dirigirse a la Av. Juan Palomar y Arias, as\u00ed como Av. Perif\u00e9rico, ten\u00edan como \u00fanica v\u00eda Av. Patria y Av. Acueducto. Ahora podr\u00e1n incorporarse directamente utilizando esta nueva vialidad.<\/p>\n<p>&nbsp;<\/p>\n<p>\u00abLa apertura de esta vialidad es hist\u00f3rica, estaba planeada desde hace siete a\u00f1os. Hoy estamos haciendo dos cosas: en primera respetar el espacio p\u00fablico, porque originalmente se contemplaba que esta vialidad pudiera ser a cuatro carriles, en la parte baja, invadiendo la zona del arroyo y quitar el espacio a los vecinos para actividades deportivas y recreativas. \u00a0Segundo, estamos dando maoyr conectividad a la zona\u00bb, afirm\u00f3 Pablo Lemus, Presidente Municipal de Zapopan.<\/p>\n<p>&nbsp;<\/p>\n<p>\u00abEsto tendr\u00e1 muchos beneficios (&#8230;). Por supuesto, esta obra la hicimos con la mejor calidad, con concreto hidr\u00e1ulico, accesibilidad universal y alumbrado p\u00fablico. Con ello seguiremos creciendo na conectividad de toda esta zona, dado que ya es muy problem\u00e1tica, sobre todo en las horas pico\u00bb, se\u00f1al\u00f3 el Primer Edil.<\/p>\n<p>&nbsp;<\/p>\n<p>La apertura de esta vialidad beneficiar\u00e1 a 12 mil habitantes que transitar\u00e1n por esta zona. Dentro de los 264 metros rehabilitados,120 metros de asfalto fueron reemplazados por concreto hidr\u00e1ulico, en una primera etapa, en su direcci\u00f3n hacia Av. Patria.<\/p>\n","protected":false},"excerpt":{"rendered":"<p>&nbsp; Con una inversi\u00f3n de 4.8 millones de pesos, provenientes del recurso metropolitano de Guadalajara, se trabajaron 264 metros lineales fue reabierta la Avenida Royal Country en Zapopan, La inauguraci\u00f3n de esta calle permitir\u00e1 mayor flujo vehicular, dado que, anteriormente, para dirigirse a la Av. Juan Palomar y Arias, as\u00ed como Av. Perif\u00e9rico, ten\u00edan como &hellip; <\/p>\n<p><a class=\"more-link btn\" href=\"https:\/\/lamendigapolitica.com\/?p=37975\">Seguir leyendo<\/a><\/p>\n","protected":false},"author":1,"featured_media":0,"comment_status":"open","ping_status":"closed","sticky":false,"template":"","format":"standard","meta":{"footnotes":""},"categories":[6,20,5,3],"tags":[],"class_list":["post-37975","post","type-post","status-publish","format-standard","hentry","category-congreso","category-gobierno","category-partidos","category-politica","item-wrap"],"_links":{"self":[{"href":"https:\/\/lamendigapolitica.com\/index.php?rest_route=\/wp\/v2\/posts\/37975","targetHints":{"allow":["GET"]}}],"collection":[{"href":"https:\/\/lamendigapolitica.com\/index.php?rest_route=\/wp\/v2\/posts"}],"about":[{"href":"https:\/\/lamendigapolitica.com\/index.php?rest_route=\/wp\/v2\/types\/post"}],"author":[{"embeddable":true,"href":"https:\/\/lamendigapolitica.com\/index.php?rest_route=\/wp\/v2\/users\/1"}],"replies":[{"embeddable":true,"href":"https:\/\/lamendigapolitica.com\/index.php?rest_route=%2Fwp%2Fv2%2Fcomments&post=37975"}],"version-history":[{"count":1,"href":"https:\/\/lamendigapolitica.com\/index.php?rest_route=\/wp\/v2\/posts\/37975\/revisions"}],"predecessor-version":[{"id":37977,"href":"https:\/\/lamendigapolitica.com\/index.php?rest_route=\/wp\/v2\/posts\/37975\/revisions\/37977"}],"wp:attachment":[{"href":"https:\/\/lamendigapolitica.com\/index.php?rest_route=%2Fwp%2Fv2%2Fmedia&parent=37975"}],"wp:term":[{"taxonomy":"category","embeddable":true,"href":"https:\/\/lamendigapolitica.com\/index.php?rest_route=%2Fwp%2Fv2%2Fcategories&post=37975"},{"taxonomy":"post_tag","embeddable":true,"href":"https:\/\/lamendigapolitica.com\/index.php?rest_route=%2Fwp%2Fv2%2Ftags&post=37975"}],"curies":[{"name":"wp","href":"https:\/\/api.w.org\/{rel}","templated":true}]}}