{"id":37969,"date":"2016-07-01T10:03:38","date_gmt":"2016-07-01T15:03:38","guid":{"rendered":"http:\/\/lamendigapolitica.com\/blog\/?p=37969"},"modified":"2016-07-01T10:03:38","modified_gmt":"2016-07-01T15:03:38","slug":"no-es-tiempo-de-resolver-alianzas","status":"publish","type":"post","link":"https:\/\/lamendigapolitica.com\/?p=37969","title":{"rendered":"No es tiempo de resolver alianzas"},"content":{"rendered":"<p><a href=\"https:\/\/lamendigapolitica.com\/blog\/blog\/wp-content\/uploads\/2016\/07\/Pablo-G\u00f3mez-\u00c1lvarez.jpg\" rel=\"attachment wp-att-37970\"><img loading=\"lazy\" decoding=\"async\" class=\"aligncenter size-full wp-image-37970\" src=\"https:\/\/lamendigapolitica.com\/blog\/blog\/wp-content\/uploads\/2016\/07\/Pablo-G\u00f3mez-\u00c1lvarez.jpg\" alt=\"Pablo G\u00f3mez \u00c1lvarez\" width=\"304\" height=\"166\" srcset=\"https:\/\/lamendigapolitica.com\/wp-content\/uploads\/2016\/07\/Pablo-G\u00f3mez-\u00c1lvarez.jpg 304w, https:\/\/lamendigapolitica.com\/wp-content\/uploads\/2016\/07\/Pablo-G\u00f3mez-\u00c1lvarez-300x164.jpg 300w\" sizes=\"auto, (max-width: 304px) 100vw, 304px\" \/><\/a><\/p>\n<p>&nbsp;<\/p>\n<p>A punto de cumplir 70 a\u00f1os de edad, el exl\u00edder estudiantil de 1968 y miembro fundador del Partido de la Revoluci\u00f3n Democr\u00e1tica, Pablo G\u00f3mez \u00c1lvarez, consider\u00f3 que no es tiempo de resolver si su partido competir\u00e1 o no en alianza con el PAN el pr\u00f3ximo a\u00f1o en el Estado de M\u00e9xico. Esa discusi\u00f3n, a la luz de qui\u00e9n aspira a dirigir al sol azteca por segunda vez, \u201cvendr\u00e1 despu\u00e9s\u201d, cuando se alleguen elementos para resolver en uno u otro sentido, ahora \u201cest\u00e1 fuera de momento\u201d.<\/p>\n<p>&nbsp;<\/p>\n<p>No obstante, el tambi\u00e9n exsenador de la Rep\u00fablica reconoci\u00f3 que la l\u00ednea pol\u00edtica del sol azteca \u201cno proh\u00edbe ese tipo de alianzas\u201d salvo aqu\u00e9llas donde el PRI y sus aliados est\u00e9n presentes. Por ello, estim\u00f3 que \u201cest\u00e1n equivocados\u201d los que piensan que el pr\u00f3ximo s\u00e1bado 2 de julio se va a definir la pol\u00edtica de alianzas del sol azteca para\u00a0 2017. Lo que se va a definir es qui\u00e9n es el presidente o presidenta del PRD para el tiempo que resta a la presidencia que dej\u00f3 anticipadamente Agust\u00edn Basave por diferencias con Jes\u00fas Ortega, l\u00edder de Nueva Izquierda.<\/p>\n<p>&nbsp;<\/p>\n<p>\u201cYo no veo que sea el \u00fanico tema (el de las alianzas), es uno de los temas y se supon\u00eda que ya estaba resuelto en el congreso, el otro tema es cumplir con la l\u00ednea, aplicarla, ser leal a los acuerdos, no tiene sentido seguir aprobando documentos, lineamientos y luego desconocerlos, que es la costumbre que hay en el PRD, hay que acabar con esa costumbre, eso es lo que yo propongo\u201d, se\u00f1al\u00f3.<\/p>\n<p>&nbsp;<\/p>\n<p>A pregunta expresa respecto a si\u00a0 registrar\u00e1 ma\u00f1ana su candidatura a la presidencia nacional del PRD, el dos veces precandidato a la jefatura de Gobierno de la Ciudad de M\u00e9xico respondi\u00f3 que \u201ca\u00fan no lo sabe\u201d pues hacen falta \u201cdefiniciones\u201d en las negociaciones que se llevan a cabo entre las corrientes perredistas. \u201cBueno, eso es lo\u00a0 que yo quisiera, que ADN me propusiera, pero eso no est\u00e1 dicho p\u00fablicamente, eso es lo que yo pretendo; tambi\u00e9n pretendo que los grupos lleguen a un acuerdo razonado, sostenible y yo creo que el punto es que la l\u00ednea que el \u00faltimo congreso nacional del PRD aprob\u00f3, se respete\u201d, se\u00f1al\u00f3.<\/p>\n<p>&nbsp;<\/p>\n<p>Consider\u00f3 adem\u00e1s que depender\u00e1 tambi\u00e9n su registro si se elige por votaci\u00f3n al sucesor o sucesora de Basave Ben\u00edtez, lo cual propiciar\u00eda un debate en el partido y conocer las propuestas de los distintos aspirantes. \u201cYo creo que debe votarse, si para que se vote hace falta que yo presente mi candidatura, pues la presento, si no, no tendr\u00eda caso,\u201d aclar\u00f3.<\/p>\n","protected":false},"excerpt":{"rendered":"<p>&nbsp; A punto de cumplir 70 a\u00f1os de edad, el exl\u00edder estudiantil de 1968 y miembro fundador del Partido de la Revoluci\u00f3n Democr\u00e1tica, Pablo G\u00f3mez \u00c1lvarez, consider\u00f3 que no es tiempo de resolver si su partido competir\u00e1 o no en alianza con el PAN el pr\u00f3ximo a\u00f1o en el Estado de M\u00e9xico. Esa discusi\u00f3n, a &hellip; <\/p>\n<p><a class=\"more-link btn\" href=\"https:\/\/lamendigapolitica.com\/?p=37969\">Seguir leyendo<\/a><\/p>\n","protected":false},"author":1,"featured_media":0,"comment_status":"open","ping_status":"closed","sticky":false,"template":"","format":"standard","meta":{"footnotes":""},"categories":[6,20,5,3],"tags":[],"class_list":["post-37969","post","type-post","status-publish","format-standard","hentry","category-congreso","category-gobierno","category-partidos","category-politica","item-wrap"],"_links":{"self":[{"href":"https:\/\/lamendigapolitica.com\/index.php?rest_route=\/wp\/v2\/posts\/37969","targetHints":{"allow":["GET"]}}],"collection":[{"href":"https:\/\/lamendigapolitica.com\/index.php?rest_route=\/wp\/v2\/posts"}],"about":[{"href":"https:\/\/lamendigapolitica.com\/index.php?rest_route=\/wp\/v2\/types\/post"}],"author":[{"embeddable":true,"href":"https:\/\/lamendigapolitica.com\/index.php?rest_route=\/wp\/v2\/users\/1"}],"replies":[{"embeddable":true,"href":"https:\/\/lamendigapolitica.com\/index.php?rest_route=%2Fwp%2Fv2%2Fcomments&post=37969"}],"version-history":[{"count":1,"href":"https:\/\/lamendigapolitica.com\/index.php?rest_route=\/wp\/v2\/posts\/37969\/revisions"}],"predecessor-version":[{"id":37971,"href":"https:\/\/lamendigapolitica.com\/index.php?rest_route=\/wp\/v2\/posts\/37969\/revisions\/37971"}],"wp:attachment":[{"href":"https:\/\/lamendigapolitica.com\/index.php?rest_route=%2Fwp%2Fv2%2Fmedia&parent=37969"}],"wp:term":[{"taxonomy":"category","embeddable":true,"href":"https:\/\/lamendigapolitica.com\/index.php?rest_route=%2Fwp%2Fv2%2Fcategories&post=37969"},{"taxonomy":"post_tag","embeddable":true,"href":"https:\/\/lamendigapolitica.com\/index.php?rest_route=%2Fwp%2Fv2%2Ftags&post=37969"}],"curies":[{"name":"wp","href":"https:\/\/api.w.org\/{rel}","templated":true}]}}