{"id":37966,"date":"2016-07-01T09:57:03","date_gmt":"2016-07-01T14:57:03","guid":{"rendered":"http:\/\/lamendigapolitica.com\/blog\/?p=37966"},"modified":"2016-07-01T09:57:03","modified_gmt":"2016-07-01T14:57:03","slug":"ip-estara-sujeta-a-controles-anticorrupcion","status":"publish","type":"post","link":"https:\/\/lamendigapolitica.com\/?p=37966","title":{"rendered":"IP estar\u00e1 sujeta a controles anticorrupci\u00f3n"},"content":{"rendered":"<p><a href=\"https:\/\/lamendigapolitica.com\/blog\/blog\/wp-content\/uploads\/2016\/07\/Juan-Pablo-Casta\u00f1\u00f3n.jpg\" rel=\"attachment wp-att-37967\"><img loading=\"lazy\" decoding=\"async\" class=\"aligncenter size-full wp-image-37967\" src=\"https:\/\/lamendigapolitica.com\/blog\/blog\/wp-content\/uploads\/2016\/07\/Juan-Pablo-Casta\u00f1\u00f3n.jpg\" alt=\", Juan Pablo Casta\u00f1\u00f3n\" width=\"289\" height=\"175\" \/><\/a><\/p>\n<p>&nbsp;<\/p>\n<p>El presidente del Consejo Coordinador Empresarial, Juan Pablo Casta\u00f1\u00f3n, se comprometi\u00f3 ante el presidente Enrique Pe\u00f1a Nieto a entregar certificados de buena pr\u00e1ctica comercial y \u00e9tica cuando participen en licitaciones y contrataciones que impliquen recursos p\u00fablicos, de esta manera aunque el sector privado no estar\u00e1 en la declaraci\u00f3n p\u00fablica de la 3de3, s\u00ed estar\u00e1 sujeto a controles anticorrupci\u00f3n.<\/p>\n<p>&nbsp;<\/p>\n<p>\u201cPor nuestra parte, nosotros estamos haciendo un compromiso incluso con el Presidente, de en las mesas de trabajo de la Secretar\u00eda de la Funci\u00f3n P\u00fablica (SFP) con nosotros, proponer que todas las licitaciones y contrataciones exijan certificados de buena pr\u00e1ctica comercial, de \u00e9tica comercial para las empresas que pretendan participar, y consecuencias de inhabilitaci\u00f3n para quien haya falseado la informaci\u00f3n. Igual una declaraci\u00f3n de integridad de tal forma que tengan penalidades y se combata la impunidad con la ley, con la acci\u00f3n de la funci\u00f3n p\u00fablica\u201d, revel\u00f3.<\/p>\n<p>&nbsp;<\/p>\n<p>Juan Pablo Casta\u00f1\u00f3n se reuni\u00f3 con el coordinador de los senadores del PRD, Luis Miguel Barbosa, y con el senador panista Ernesto Cordero para solicitarles que se apruebe en sus t\u00e9rminos el veto enviado por el presidente Enrique Pe\u00f1a Nieto a la Ley General de Responsabilidades Administrativas de los Servidores P\u00fablicos, para excluir al sector privado de la declaraci\u00f3n p\u00fablica de sus patrimonios empresariales. Rechaz\u00f3 que los empresarios hayan quedado exentos de sujetarse a las reglas anticorrupci\u00f3n por rechazar la publicaci\u00f3n de sus declaraciones patrimonial, de intereses y fiscales, porque s\u00ed entregar\u00e1n esa informaci\u00f3n a las autoridades ministeriales<\/p>\n<p>&nbsp;<\/p>\n<p>\u201cEl c\u00f3digo penal le pone sanciones a la empresa, a sus funcionarios, en las mismas dimensiones que el propio funcionario p\u00fablico correspondiente\u201d. De igual forma, inform\u00f3 que los empresarios ya no insistir\u00e1n en que se modifique el art\u00edculo 29 de la Ley General de responsabilidades Administrativas para que se incluyan los formatos para la presentaci\u00f3n de la llamada 3de3. \u201cParticiparemos activamente en la integraci\u00f3n del Comit\u00e9 Ciudadano y en el trabajo que se har\u00e1 en ese mismo comit\u00e9 coordinador para los formatos adecuados y el grado de publicidad. Vemos que hoy, el consenso es dar luz verde a las observaciones del Presidente para poder tener el sistema\u201d, adelant\u00f3.<\/p>\n<p>&nbsp;<\/p>\n<p>El l\u00edder de los empresarios se reuni\u00f3 con priistas; con diversos panistas, incluido su coordinador Fernando Herrera, y con los verdes, encabezados por Carlos Puente. \u00a0\u201cEstamos discutiendo uno o dos art\u00edculos de 800 que le dan integralidad al sistema, le dan personalidad a la Fiscal\u00eda especializada, brinda juzgados especializados, le dan mayor operatividad y alcance a la SFP y a la ASF.<\/p>\n","protected":false},"excerpt":{"rendered":"<p>&nbsp; El presidente del Consejo Coordinador Empresarial, Juan Pablo Casta\u00f1\u00f3n, se comprometi\u00f3 ante el presidente Enrique Pe\u00f1a Nieto a entregar certificados de buena pr\u00e1ctica comercial y \u00e9tica cuando participen en licitaciones y contrataciones que impliquen recursos p\u00fablicos, de esta manera aunque el sector privado no estar\u00e1 en la declaraci\u00f3n p\u00fablica de la 3de3, s\u00ed estar\u00e1 &hellip; <\/p>\n<p><a class=\"more-link btn\" href=\"https:\/\/lamendigapolitica.com\/?p=37966\">Seguir leyendo<\/a><\/p>\n","protected":false},"author":1,"featured_media":0,"comment_status":"open","ping_status":"closed","sticky":false,"template":"","format":"standard","meta":{"footnotes":""},"categories":[6,30,20,5,3],"tags":[],"class_list":["post-37966","post","type-post","status-publish","format-standard","hentry","category-congreso","category-economia","category-gobierno","category-partidos","category-politica","item-wrap"],"_links":{"self":[{"href":"https:\/\/lamendigapolitica.com\/index.php?rest_route=\/wp\/v2\/posts\/37966","targetHints":{"allow":["GET"]}}],"collection":[{"href":"https:\/\/lamendigapolitica.com\/index.php?rest_route=\/wp\/v2\/posts"}],"about":[{"href":"https:\/\/lamendigapolitica.com\/index.php?rest_route=\/wp\/v2\/types\/post"}],"author":[{"embeddable":true,"href":"https:\/\/lamendigapolitica.com\/index.php?rest_route=\/wp\/v2\/users\/1"}],"replies":[{"embeddable":true,"href":"https:\/\/lamendigapolitica.com\/index.php?rest_route=%2Fwp%2Fv2%2Fcomments&post=37966"}],"version-history":[{"count":1,"href":"https:\/\/lamendigapolitica.com\/index.php?rest_route=\/wp\/v2\/posts\/37966\/revisions"}],"predecessor-version":[{"id":37968,"href":"https:\/\/lamendigapolitica.com\/index.php?rest_route=\/wp\/v2\/posts\/37966\/revisions\/37968"}],"wp:attachment":[{"href":"https:\/\/lamendigapolitica.com\/index.php?rest_route=%2Fwp%2Fv2%2Fmedia&parent=37966"}],"wp:term":[{"taxonomy":"category","embeddable":true,"href":"https:\/\/lamendigapolitica.com\/index.php?rest_route=%2Fwp%2Fv2%2Fcategories&post=37966"},{"taxonomy":"post_tag","embeddable":true,"href":"https:\/\/lamendigapolitica.com\/index.php?rest_route=%2Fwp%2Fv2%2Ftags&post=37966"}],"curies":[{"name":"wp","href":"https:\/\/api.w.org\/{rel}","templated":true}]}}