{"id":37963,"date":"2016-07-01T09:54:58","date_gmt":"2016-07-01T14:54:58","guid":{"rendered":"http:\/\/lamendigapolitica.com\/blog\/?p=37963"},"modified":"2016-07-01T09:55:23","modified_gmt":"2016-07-01T14:55:23","slug":"diputado-del-prd-en-slp-llama-maricones-a-taxistas","status":"publish","type":"post","link":"https:\/\/lamendigapolitica.com\/?p=37963","title":{"rendered":"Diputado del PRD en SLP llama &#8216;maricones\u2019 a taxistas"},"content":{"rendered":"<p><a href=\"https:\/\/lamendigapolitica.com\/blog\/blog\/wp-content\/uploads\/2016\/07\/diputado.jpg\" rel=\"attachment wp-att-37964\"><img loading=\"lazy\" decoding=\"async\" class=\"aligncenter size-full wp-image-37964\" src=\"https:\/\/lamendigapolitica.com\/blog\/blog\/wp-content\/uploads\/2016\/07\/diputado.jpg\" alt=\"diputado\" width=\"270\" height=\"187\" \/><\/a><\/p>\n<p>&nbsp;<\/p>\n<p>&nbsp;<\/p>\n<p>El diputado Sergio Desfassiux Cabello tom\u00f3 la tribuna en la sesi\u00f3n del Pleno del Congreso del estado, donde abord\u00f3 el tema de las cuentas p\u00fablicas y llam\u00f3 \u201cmaricones\u201d a los taxistas presentes que lo abucheaban como cada semana en el sal\u00f3n.<\/p>\n<p>&nbsp;<\/p>\n<p>Me gustar\u00eda mucho que no hubiera dos ni\u00f1as en las butacas para poderles contestar con gusto se\u00f1ores taxistas\u201d, se\u00f1al\u00f3, pero m\u00e1s, \u201cverlos manejando su taxi en este momento\u201d. De inmediato los taxistas respondieron al legislador: \u201cVamos a ver que tarugadas legislas\u201d.<\/p>\n<p>&nbsp;<\/p>\n<p>\u201c\u00a1Qu\u00e9 l\u00e1stima que lo hacen siempre en grupo!\u201d, respondi\u00f3 Desfassiux Cabello, para despu\u00e9s sentenciar: \u201cSon unos maricones\u201d.<\/p>\n<p>&nbsp;<\/p>\n<p>Las diferencias entre el diputado y los taxistas iniciaron el pasado 9 de junio, cuando un grupo de taxistas protest\u00f3 en el Congreso del Estado contra Desfassiux, ante la iniciativa de reforma a la Ley de Transporte P\u00fablico, en la que planteaba regular el servicio a trav\u00e9s de tel\u00e9fonos inteligentes.<\/p>\n","protected":false},"excerpt":{"rendered":"<p>&nbsp; &nbsp; El diputado Sergio Desfassiux Cabello tom\u00f3 la tribuna en la sesi\u00f3n del Pleno del Congreso del estado, donde abord\u00f3 el tema de las cuentas p\u00fablicas y llam\u00f3 \u201cmaricones\u201d a los taxistas presentes que lo abucheaban como cada semana en el sal\u00f3n. &nbsp; Me gustar\u00eda mucho que no hubiera dos ni\u00f1as en las butacas &hellip; <\/p>\n<p><a class=\"more-link btn\" href=\"https:\/\/lamendigapolitica.com\/?p=37963\">Seguir leyendo<\/a><\/p>\n","protected":false},"author":1,"featured_media":0,"comment_status":"open","ping_status":"closed","sticky":false,"template":"","format":"standard","meta":{"footnotes":""},"categories":[6,20,5,3],"tags":[],"class_list":["post-37963","post","type-post","status-publish","format-standard","hentry","category-congreso","category-gobierno","category-partidos","category-politica","item-wrap"],"_links":{"self":[{"href":"https:\/\/lamendigapolitica.com\/index.php?rest_route=\/wp\/v2\/posts\/37963","targetHints":{"allow":["GET"]}}],"collection":[{"href":"https:\/\/lamendigapolitica.com\/index.php?rest_route=\/wp\/v2\/posts"}],"about":[{"href":"https:\/\/lamendigapolitica.com\/index.php?rest_route=\/wp\/v2\/types\/post"}],"author":[{"embeddable":true,"href":"https:\/\/lamendigapolitica.com\/index.php?rest_route=\/wp\/v2\/users\/1"}],"replies":[{"embeddable":true,"href":"https:\/\/lamendigapolitica.com\/index.php?rest_route=%2Fwp%2Fv2%2Fcomments&post=37963"}],"version-history":[{"count":1,"href":"https:\/\/lamendigapolitica.com\/index.php?rest_route=\/wp\/v2\/posts\/37963\/revisions"}],"predecessor-version":[{"id":37965,"href":"https:\/\/lamendigapolitica.com\/index.php?rest_route=\/wp\/v2\/posts\/37963\/revisions\/37965"}],"wp:attachment":[{"href":"https:\/\/lamendigapolitica.com\/index.php?rest_route=%2Fwp%2Fv2%2Fmedia&parent=37963"}],"wp:term":[{"taxonomy":"category","embeddable":true,"href":"https:\/\/lamendigapolitica.com\/index.php?rest_route=%2Fwp%2Fv2%2Fcategories&post=37963"},{"taxonomy":"post_tag","embeddable":true,"href":"https:\/\/lamendigapolitica.com\/index.php?rest_route=%2Fwp%2Fv2%2Ftags&post=37963"}],"curies":[{"name":"wp","href":"https:\/\/api.w.org\/{rel}","templated":true}]}}