{"id":37954,"date":"2016-07-01T09:23:10","date_gmt":"2016-07-01T14:23:10","guid":{"rendered":"http:\/\/lamendigapolitica.com\/blog\/?p=37954"},"modified":"2016-07-01T09:23:10","modified_gmt":"2016-07-01T14:23:10","slug":"osorio-advierte-procederemos-como-corresponda","status":"publish","type":"post","link":"https:\/\/lamendigapolitica.com\/?p=37954","title":{"rendered":"Osorio advierte: procederemos como corresponda"},"content":{"rendered":"<p><a href=\"https:\/\/lamendigapolitica.com\/blog\/blog\/wp-content\/uploads\/2016\/07\/o-chong.jpg\" rel=\"attachment wp-att-37955\"><img loading=\"lazy\" decoding=\"async\" class=\"aligncenter size-full wp-image-37955\" src=\"https:\/\/lamendigapolitica.com\/blog\/blog\/wp-content\/uploads\/2016\/07\/o-chong.jpg\" alt=\"o chong\" width=\"281\" height=\"179\" \/><\/a><\/p>\n<p>El titular de la secretar\u00eda de Gobernaci\u00f3n, Miguel \u00c1ngel Osorio Chong, advirti\u00f3 a la Coordinadora Nacional de Trabajadores de la Educaci\u00f3n (CNTE) que la tercera mesa de di\u00e1logo ser\u00e1 restablecida s\u00f3lo si levantan los bloqueos carreteros. \u201cEstamos en el l\u00edmite, y lo marca la afectaci\u00f3n a Oaxaca y Chiapas, el di\u00e1logo no se va agotar, pero s\u00ed tiene que haber circunstancias en favor de la gente para que se pueda continuar el acercamiento.<\/p>\n<p>&nbsp;<\/p>\n<p>Respecto a la amenaza de la Coordinadora de efectuar 72 horas de\u00a0 bloqueos carreteros en todo el pa\u00eds, Osorio coment\u00f3 que est\u00e1n en su propio riesgo y \u201cen sus propias decisiones, nosotros tenemos las que nos atribuye la ley y procederemos como corresponda\u201d. El encargado de la pol\u00edtica interna del pa\u00eds indic\u00f3 que el gobierno tiene la obligaci\u00f3n de\u00a0 velar por la mayor\u00eda que tiene en estos momentos coartadas sus libertades.<\/p>\n<p>&nbsp;<\/p>\n<p>Subray\u00f3 que no dejar\u00e1n que estos estados acaben de hundirse o que Chiapas est\u00e9 en una circunstancia adversa.\u00a0 \u201cNo hay amenazas en la mesa, simplemente la responsabilidad de aplicar el Estado de derecho\u201d. El funcionario reconoci\u00f3 que hay grupos violentos que est\u00e1n aprovechando esta situaci\u00f3n\u00a0 -manifestaciones-. \u201cS\u00ed, si entran agrupaciones, yo lo que les digo es: desl\u00edndense desde antes, antes de que sucedan cosas desl\u00edndense, y pues sin duda, en los bloqueos hay gente diferente, muy diferentes a los que tiene que ver con el problema educativo\u201d.<\/p>\n<p>&nbsp;<\/p>\n<p>Respecto al enfrentamiento del 19 de junio entre polic\u00edas federales e integrantes de la CNTE en Nochixtl\u00e1n, Osorio indic\u00f3\u00a0 dijo que est\u00e1n investigando dos v\u00edas. \u201cS\u00e9 que es la Comisi\u00f3n Nacional de Derechos Humanos, s\u00e9 que es la Fiscal\u00eda del estado con el apoyo de la PGR\u201d. Destac\u00f3 que est\u00e1n a la espera de tener el informe completo, \u201clo m\u00e1s cercano a la realidad, hay heridos de las dos partes, hay quienes perdieron la vida de la poblaci\u00f3n\u201d.<\/p>\n<p>&nbsp;<\/p>\n","protected":false},"excerpt":{"rendered":"<p>El titular de la secretar\u00eda de Gobernaci\u00f3n, Miguel \u00c1ngel Osorio Chong, advirti\u00f3 a la Coordinadora Nacional de Trabajadores de la Educaci\u00f3n (CNTE) que la tercera mesa de di\u00e1logo ser\u00e1 restablecida s\u00f3lo si levantan los bloqueos carreteros. \u201cEstamos en el l\u00edmite, y lo marca la afectaci\u00f3n a Oaxaca y Chiapas, el di\u00e1logo no se va agotar, &hellip; <\/p>\n<p><a class=\"more-link btn\" href=\"https:\/\/lamendigapolitica.com\/?p=37954\">Seguir leyendo<\/a><\/p>\n","protected":false},"author":1,"featured_media":0,"comment_status":"open","ping_status":"closed","sticky":false,"template":"","format":"standard","meta":{"footnotes":""},"categories":[6,28,20,5,3,27,22],"tags":[],"class_list":["post-37954","post","type-post","status-publish","format-standard","hentry","category-congreso","category-educacion","category-gobierno","category-partidos","category-politica","category-seguridad","category-sociales","item-wrap"],"_links":{"self":[{"href":"https:\/\/lamendigapolitica.com\/index.php?rest_route=\/wp\/v2\/posts\/37954","targetHints":{"allow":["GET"]}}],"collection":[{"href":"https:\/\/lamendigapolitica.com\/index.php?rest_route=\/wp\/v2\/posts"}],"about":[{"href":"https:\/\/lamendigapolitica.com\/index.php?rest_route=\/wp\/v2\/types\/post"}],"author":[{"embeddable":true,"href":"https:\/\/lamendigapolitica.com\/index.php?rest_route=\/wp\/v2\/users\/1"}],"replies":[{"embeddable":true,"href":"https:\/\/lamendigapolitica.com\/index.php?rest_route=%2Fwp%2Fv2%2Fcomments&post=37954"}],"version-history":[{"count":1,"href":"https:\/\/lamendigapolitica.com\/index.php?rest_route=\/wp\/v2\/posts\/37954\/revisions"}],"predecessor-version":[{"id":37956,"href":"https:\/\/lamendigapolitica.com\/index.php?rest_route=\/wp\/v2\/posts\/37954\/revisions\/37956"}],"wp:attachment":[{"href":"https:\/\/lamendigapolitica.com\/index.php?rest_route=%2Fwp%2Fv2%2Fmedia&parent=37954"}],"wp:term":[{"taxonomy":"category","embeddable":true,"href":"https:\/\/lamendigapolitica.com\/index.php?rest_route=%2Fwp%2Fv2%2Fcategories&post=37954"},{"taxonomy":"post_tag","embeddable":true,"href":"https:\/\/lamendigapolitica.com\/index.php?rest_route=%2Fwp%2Fv2%2Ftags&post=37954"}],"curies":[{"name":"wp","href":"https:\/\/api.w.org\/{rel}","templated":true}]}}