{"id":37951,"date":"2016-07-01T09:21:35","date_gmt":"2016-07-01T14:21:35","guid":{"rendered":"http:\/\/lamendigapolitica.com\/blog\/?p=37951"},"modified":"2016-07-01T09:21:35","modified_gmt":"2016-07-01T14:21:35","slug":"pgr-cumplimenta-nueva-orden-de-aprehension-contra-el-menchito","status":"publish","type":"post","link":"https:\/\/lamendigapolitica.com\/?p=37951","title":{"rendered":"PGR cumplimenta nueva orden de aprehensi\u00f3n contra El Menchito"},"content":{"rendered":"<p><a href=\"https:\/\/lamendigapolitica.com\/blog\/blog\/wp-content\/uploads\/2016\/07\/menchito.jpg\" rel=\"attachment wp-att-37952\"><img loading=\"lazy\" decoding=\"async\" class=\"aligncenter  wp-image-37952\" src=\"https:\/\/lamendigapolitica.com\/blog\/blog\/wp-content\/uploads\/2016\/07\/menchito.jpg\" alt=\"menchito\" width=\"288\" height=\"217\" \/><\/a><\/p>\n<p>&nbsp;<\/p>\n<p>La Procuradur\u00eda General de la Rep\u00fablica (PGR) obtuvo del Juez Primero de Distrito de Procesos Penales Federales con residencia en Toluca, Estado de M\u00e9xico, orden de aprehensi\u00f3n por reclusi\u00f3n en contra de Rub\u00e9n Oseguera Gonz\u00e1lez, alias El Menchito, vinculado al C\u00e1rtel Jalisco Nueva Generaci\u00f3n (CJNG).<\/p>\n<p>&nbsp;<\/p>\n<p>A trav\u00e9s de un comunicado, la dependencia inform\u00f3 que al hijo de Nemesio Oseguera Cervantes, El Mencho, presunto l\u00edder del CJNG, se le acusa de los delitos de Portaci\u00f3n de Arma de Fuego sin Licencia, Posesi\u00f3n de Cartuchos para Armas de Fuego de Uso Exclusivo del Ej\u00e9rcito, Armada y Fuerza A\u00e9rea, Acopio de Armas de Fuego y Delincuencia Organizada.<\/p>\n<p>&nbsp;<\/p>\n<p>El imputado se encuentra internado en el Centro Federal de Readaptaci\u00f3n Social n\u00famero 13 en Miahuatl\u00e1n de Porfirio D\u00edaz, Oaxaca.<\/p>\n","protected":false},"excerpt":{"rendered":"<p>&nbsp; La Procuradur\u00eda General de la Rep\u00fablica (PGR) obtuvo del Juez Primero de Distrito de Procesos Penales Federales con residencia en Toluca, Estado de M\u00e9xico, orden de aprehensi\u00f3n por reclusi\u00f3n en contra de Rub\u00e9n Oseguera Gonz\u00e1lez, alias El Menchito, vinculado al C\u00e1rtel Jalisco Nueva Generaci\u00f3n (CJNG). &nbsp; A trav\u00e9s de un comunicado, la dependencia inform\u00f3 &hellip; <\/p>\n<p><a class=\"more-link btn\" href=\"https:\/\/lamendigapolitica.com\/?p=37951\">Seguir leyendo<\/a><\/p>\n","protected":false},"author":1,"featured_media":0,"comment_status":"open","ping_status":"closed","sticky":false,"template":"","format":"standard","meta":{"footnotes":""},"categories":[6,20,5,3,27],"tags":[],"class_list":["post-37951","post","type-post","status-publish","format-standard","hentry","category-congreso","category-gobierno","category-partidos","category-politica","category-seguridad","item-wrap"],"_links":{"self":[{"href":"https:\/\/lamendigapolitica.com\/index.php?rest_route=\/wp\/v2\/posts\/37951","targetHints":{"allow":["GET"]}}],"collection":[{"href":"https:\/\/lamendigapolitica.com\/index.php?rest_route=\/wp\/v2\/posts"}],"about":[{"href":"https:\/\/lamendigapolitica.com\/index.php?rest_route=\/wp\/v2\/types\/post"}],"author":[{"embeddable":true,"href":"https:\/\/lamendigapolitica.com\/index.php?rest_route=\/wp\/v2\/users\/1"}],"replies":[{"embeddable":true,"href":"https:\/\/lamendigapolitica.com\/index.php?rest_route=%2Fwp%2Fv2%2Fcomments&post=37951"}],"version-history":[{"count":1,"href":"https:\/\/lamendigapolitica.com\/index.php?rest_route=\/wp\/v2\/posts\/37951\/revisions"}],"predecessor-version":[{"id":37953,"href":"https:\/\/lamendigapolitica.com\/index.php?rest_route=\/wp\/v2\/posts\/37951\/revisions\/37953"}],"wp:attachment":[{"href":"https:\/\/lamendigapolitica.com\/index.php?rest_route=%2Fwp%2Fv2%2Fmedia&parent=37951"}],"wp:term":[{"taxonomy":"category","embeddable":true,"href":"https:\/\/lamendigapolitica.com\/index.php?rest_route=%2Fwp%2Fv2%2Fcategories&post=37951"},{"taxonomy":"post_tag","embeddable":true,"href":"https:\/\/lamendigapolitica.com\/index.php?rest_route=%2Fwp%2Fv2%2Ftags&post=37951"}],"curies":[{"name":"wp","href":"https:\/\/api.w.org\/{rel}","templated":true}]}}