{"id":37933,"date":"2016-06-30T17:28:37","date_gmt":"2016-06-30T22:28:37","guid":{"rendered":"http:\/\/lamendigapolitica.com\/blog\/?p=37933"},"modified":"2016-06-30T17:28:37","modified_gmt":"2016-06-30T22:28:37","slug":"dan-visto-bueno-para-diagnostico-de-la-minerva","status":"publish","type":"post","link":"https:\/\/lamendigapolitica.com\/?p=37933","title":{"rendered":"Dan visto bueno para diagn\u00f3stico de La Minerva"},"content":{"rendered":"<p><a href=\"https:\/\/lamendigapolitica.com\/blog\/blog\/wp-content\/uploads\/2016\/06\/minerva-1.jpg\" rel=\"attachment wp-att-37935\"><img loading=\"lazy\" decoding=\"async\" class=\"aligncenter  wp-image-37935\" src=\"https:\/\/lamendigapolitica.com\/blog\/blog\/wp-content\/uploads\/2016\/06\/minerva-1.jpg\" alt=\"minerva\" width=\"330\" height=\"247\" \/><\/a><\/p>\n<p>&nbsp;<\/p>\n<p>Guadalajara se encuentra lista para iniciar con el an\u00e1lisis, diagn\u00f3stico t\u00e9cnico y elaboraci\u00f3n del proyecto ejecutivo para la restauraci\u00f3n de La Minerva, esto luego de que la Secretar\u00eda de Cultura del Estado de Jalisco y de la Escuela de Conservaci\u00f3n y Restauraci\u00f3n de Occidente (ECRO) dieran el visto bueno para el comienzo de dichos trabajos, afirm\u00f3 Hugo Luna V\u00e1zquez, jefe de Gabinete del Gobierno de Guadalajara.<\/p>\n<p>&nbsp;<\/p>\n<p>Luna V\u00e1zquez ley\u00f3 el documento enviado por la Secretar\u00eda de Cultura y firmado por el arquitecto Julio C\u00e9sar Herrera Osuna, Director de Patrimonio Art\u00edstico e Hist\u00f3rico, dirigido al arquitecto Ricardo Agraz, director de Proyectos del Espacio P\u00fablico del Gobierno de Guadalajara, donde comunica que el resultado de este an\u00e1lisis servir\u00e1 de base para hacer la propuesta de intervenci\u00f3n.<\/p>\n<p>&nbsp;<\/p>\n<p>La intervenci\u00f3n podr\u00eda incluir tres etapas. Relativas al diagn\u00f3stico t\u00e9cnico y proyecto de intervenci\u00f3n, la restauraci\u00f3n de La Minerva, y el reforzamiento de la base de cimentaci\u00f3n que recibe a La Minerva. El techo financiero \u00abm\u00e1ximo\u00bb para las 3 etapas es de ocho millones de pesos. Todo depender\u00e1 del an\u00e1lisis que estar\u00e1 llevando a cabo el equipo de restauradores multidisciplinario, encabezado por la especialista Karla J\u00e1uregui.<\/p>\n<p>&nbsp;<\/p>\n<p>Respecto a la posible remoci\u00f3n del monumento para su intervenci\u00f3n dijo que no se tiene todav\u00eda el resultado de los estudios, todo indica que tendr\u00e1 que ser removida; sin embargo, no se har\u00e1 nada hasta que no se tenga el dictamen t\u00e9cnico terminado y el proyecto ejecutivo aprobado.<\/p>\n","protected":false},"excerpt":{"rendered":"<p>&nbsp; Guadalajara se encuentra lista para iniciar con el an\u00e1lisis, diagn\u00f3stico t\u00e9cnico y elaboraci\u00f3n del proyecto ejecutivo para la restauraci\u00f3n de La Minerva, esto luego de que la Secretar\u00eda de Cultura del Estado de Jalisco y de la Escuela de Conservaci\u00f3n y Restauraci\u00f3n de Occidente (ECRO) dieran el visto bueno para el comienzo de dichos &hellip; <\/p>\n<p><a class=\"more-link btn\" href=\"https:\/\/lamendigapolitica.com\/?p=37933\">Seguir leyendo<\/a><\/p>\n","protected":false},"author":1,"featured_media":0,"comment_status":"open","ping_status":"closed","sticky":false,"template":"","format":"standard","meta":{"footnotes":""},"categories":[6,20,5,3,22,24],"tags":[],"class_list":["post-37933","post","type-post","status-publish","format-standard","hentry","category-congreso","category-gobierno","category-partidos","category-politica","category-sociales","category-turismo","item-wrap"],"_links":{"self":[{"href":"https:\/\/lamendigapolitica.com\/index.php?rest_route=\/wp\/v2\/posts\/37933","targetHints":{"allow":["GET"]}}],"collection":[{"href":"https:\/\/lamendigapolitica.com\/index.php?rest_route=\/wp\/v2\/posts"}],"about":[{"href":"https:\/\/lamendigapolitica.com\/index.php?rest_route=\/wp\/v2\/types\/post"}],"author":[{"embeddable":true,"href":"https:\/\/lamendigapolitica.com\/index.php?rest_route=\/wp\/v2\/users\/1"}],"replies":[{"embeddable":true,"href":"https:\/\/lamendigapolitica.com\/index.php?rest_route=%2Fwp%2Fv2%2Fcomments&post=37933"}],"version-history":[{"count":1,"href":"https:\/\/lamendigapolitica.com\/index.php?rest_route=\/wp\/v2\/posts\/37933\/revisions"}],"predecessor-version":[{"id":37936,"href":"https:\/\/lamendigapolitica.com\/index.php?rest_route=\/wp\/v2\/posts\/37933\/revisions\/37936"}],"wp:attachment":[{"href":"https:\/\/lamendigapolitica.com\/index.php?rest_route=%2Fwp%2Fv2%2Fmedia&parent=37933"}],"wp:term":[{"taxonomy":"category","embeddable":true,"href":"https:\/\/lamendigapolitica.com\/index.php?rest_route=%2Fwp%2Fv2%2Fcategories&post=37933"},{"taxonomy":"post_tag","embeddable":true,"href":"https:\/\/lamendigapolitica.com\/index.php?rest_route=%2Fwp%2Fv2%2Ftags&post=37933"}],"curies":[{"name":"wp","href":"https:\/\/api.w.org\/{rel}","templated":true}]}}