{"id":37912,"date":"2016-06-30T08:54:56","date_gmt":"2016-06-30T13:54:56","guid":{"rendered":"http:\/\/lamendigapolitica.com\/blog\/?p=37912"},"modified":"2016-06-30T08:54:56","modified_gmt":"2016-06-30T13:54:56","slug":"violencia-post-brexit-en-inglaterra","status":"publish","type":"post","link":"https:\/\/lamendigapolitica.com\/?p=37912","title":{"rendered":"Violencia post Brexit en Inglaterra\u2026"},"content":{"rendered":"<p><a href=\"https:\/\/lamendigapolitica.com\/blog\/blog\/wp-content\/uploads\/2016\/06\/ingleses.jpg\" rel=\"attachment wp-att-37913\"><img loading=\"lazy\" decoding=\"async\" class=\"aligncenter  wp-image-37913\" src=\"https:\/\/lamendigapolitica.com\/blog\/blog\/wp-content\/uploads\/2016\/06\/ingleses.jpg\" alt=\"ingleses\" width=\"377\" height=\"211\" \/><\/a><\/p>\n<p>&nbsp;<\/p>\n<p>La violencia y el racismo post Brexit, han cobrado su primera v\u00edctima de origen mexicano en Manchester, Inglaterra. \u201cTe voy a matar\u2026 put\u2026 inmigrante de mierda\u2026 te van a deportar\u2026 regr\u00e9sate a \u00c1frica\u201d, le gritaron tres hombres blancos ingleses ayer a Juan Jasso, incidente grabado y compartido en redes sociales.<\/p>\n<p>&nbsp;<\/p>\n<p>Este episodio racista est\u00e1 dando la vuelta al mundo\u201d, se\u00f1al\u00f3 El Pa\u00eds. \u201cProbablemente ning\u00fan episodio ha capturado el creciente y peligroso incremento de la intolerancia (post Brexit) como el abuso verbal en contra de Mr. Jasso\u201d, destac\u00f3 el New York Times.<\/p>\n<p>&nbsp;<\/p>\n<p>Exc\u00e9lsior narra lo sucedido y muestra en un video: Eran las siete y media de la ma\u00f1ana del martes y tres brit\u00e1nicos anglosajones, de 20, 18 y 16 a\u00f1os, con unas cervezas en la mano, maldec\u00edan y creaban caos en un tren que se trasladaba de la provincia de Salford, cercana a Liverpool, hac\u00eda Manchester. Juan Jasso, de 38 a\u00f1os, nacido en Brownsville Texas, de padres mexicanos, qui\u00e9n lleva viviendo 18 a\u00f1os en Gran Breta\u00f1a, les pidi\u00f3 guardar compostura.<\/p>\n<p>&nbsp;<\/p>\n<p>C\u00e1llate. Te voy a matar. B\u00e1jate del tren. B\u00e1jate del tren ahora\u201d, le gritaron. \u00abNo hables mierda cuando no eres ni siquiera de Inglaterra, peque\u00f1o inmigrante de mierda\u00bb. Amenazaron con deportarlo en cuatro ocasiones. Lo llamaron \u201cmuppet\u201d, vocablo ingl\u00e9s que significa \u201cignorante\u201d y \u201cfeo\u201d. Y Jasso, padre de una hija, ex jugador de Rugby, ense\u00f1ante de la Universidad Metropolitana de Manchester, nunca perdi\u00f3 su compostura, se mantuvo \u2013relativamente- tranquilo y con un lenguaje elegante respondi\u00f3: \u201cUsted es extremadamente ignorante y poco inteligente\u201d.<\/p>\n<p>&nbsp;<\/p>\n<p>\u00bfQu\u00e9 edad tienes? \u00bf18, 19? Yo llevo aqu\u00ed m\u00e1s tiempo que t\u00fa\u00bb, respondi\u00f3 Jasso. \u201cDisc\u00falpenme. Disculpe. Disculpe. Disculpe\u201d, intentaba explicar, pero le siguieron llamando \u201csucio inmigrante\u201d. Momentos despu\u00e9s los ingleses, recluidos en la esquina del cami\u00f3n se acercan a la salida de este y le avientan cerveza a Juan, rociando a una mujer musulmana que entra en p\u00e1nico y a otra mujer que grita: \u201cHay un beb\u00e9\u201d.<\/p>\n<p>&nbsp;<\/p>\n<p>Una tercera mujer agarr\u00f3 del brazo al exsoldado, que mide unos 1.85 cent\u00edmetros para evitar que responda agresivamente. Son unos desgraciados. Una absoluta verg\u00fcenza para Inglaterra\u201d, le grit\u00f3 otra mujer a los racistas, quienes descendieron del tren gritando: \u201cInmigrantes. Hay que deportarlos\u201d.<\/p>\n","protected":false},"excerpt":{"rendered":"<p>&nbsp; La violencia y el racismo post Brexit, han cobrado su primera v\u00edctima de origen mexicano en Manchester, Inglaterra. \u201cTe voy a matar\u2026 put\u2026 inmigrante de mierda\u2026 te van a deportar\u2026 regr\u00e9sate a \u00c1frica\u201d, le gritaron tres hombres blancos ingleses ayer a Juan Jasso, incidente grabado y compartido en redes sociales. &nbsp; Este episodio racista &hellip; <\/p>\n<p><a class=\"more-link btn\" href=\"https:\/\/lamendigapolitica.com\/?p=37912\">Seguir leyendo<\/a><\/p>\n","protected":false},"author":1,"featured_media":0,"comment_status":"open","ping_status":"closed","sticky":false,"template":"","format":"standard","meta":{"footnotes":""},"categories":[6,30,28,20,31,5,22],"tags":[],"class_list":["post-37912","post","type-post","status-publish","format-standard","hentry","category-congreso","category-economia","category-educacion","category-gobierno","category-internacional","category-partidos","category-sociales","item-wrap"],"_links":{"self":[{"href":"https:\/\/lamendigapolitica.com\/index.php?rest_route=\/wp\/v2\/posts\/37912","targetHints":{"allow":["GET"]}}],"collection":[{"href":"https:\/\/lamendigapolitica.com\/index.php?rest_route=\/wp\/v2\/posts"}],"about":[{"href":"https:\/\/lamendigapolitica.com\/index.php?rest_route=\/wp\/v2\/types\/post"}],"author":[{"embeddable":true,"href":"https:\/\/lamendigapolitica.com\/index.php?rest_route=\/wp\/v2\/users\/1"}],"replies":[{"embeddable":true,"href":"https:\/\/lamendigapolitica.com\/index.php?rest_route=%2Fwp%2Fv2%2Fcomments&post=37912"}],"version-history":[{"count":1,"href":"https:\/\/lamendigapolitica.com\/index.php?rest_route=\/wp\/v2\/posts\/37912\/revisions"}],"predecessor-version":[{"id":37914,"href":"https:\/\/lamendigapolitica.com\/index.php?rest_route=\/wp\/v2\/posts\/37912\/revisions\/37914"}],"wp:attachment":[{"href":"https:\/\/lamendigapolitica.com\/index.php?rest_route=%2Fwp%2Fv2%2Fmedia&parent=37912"}],"wp:term":[{"taxonomy":"category","embeddable":true,"href":"https:\/\/lamendigapolitica.com\/index.php?rest_route=%2Fwp%2Fv2%2Fcategories&post=37912"},{"taxonomy":"post_tag","embeddable":true,"href":"https:\/\/lamendigapolitica.com\/index.php?rest_route=%2Fwp%2Fv2%2Ftags&post=37912"}],"curies":[{"name":"wp","href":"https:\/\/api.w.org\/{rel}","templated":true}]}}