{"id":37902,"date":"2016-06-29T19:14:35","date_gmt":"2016-06-30T00:14:35","guid":{"rendered":"http:\/\/lamendigapolitica.com\/blog\/?p=37902"},"modified":"2016-06-29T19:17:45","modified_gmt":"2016-06-30T00:17:45","slug":"cambios-en-mt-nacional-frenan-relevo-estatal-de-ruben-vazquez","status":"publish","type":"post","link":"https:\/\/lamendigapolitica.com\/?p=37902","title":{"rendered":"Cambios en MT del PRI frenan relevo estatal de Rub\u00e9n V\u00e1zquez"},"content":{"rendered":"<p><a href=\"https:\/\/lamendigapolitica.com\/blog\/blog\/wp-content\/uploads\/2016\/06\/13507174_292592197743053_2129931285865062032_n.jpg\" rel=\"attachment wp-att-37903\"><img loading=\"lazy\" decoding=\"async\" class=\"aligncenter wp-image-37903\" src=\"https:\/\/lamendigapolitica.com\/blog\/blog\/wp-content\/uploads\/2016\/06\/13507174_292592197743053_2129931285865062032_n.jpg\" alt=\"13507174_292592197743053_2129931285865062032_n\" width=\"375\" height=\"375\" \/><\/a><\/p>\n<p>&nbsp;<\/p>\n<p>Por Eugenia Barajas<\/p>\n<p>La renuncia de la Secretaria General del Movimiento Territorial (MT) del PRI, la senadora, Ana Lilia Herrera Anzaldo, para tomar protesta como Secretaria de Educaci\u00f3n en el Estado de M\u00e9xico, dejar\u00e1 en \u00abespera\u00bb el nombramiento en el estado de Rub\u00e9n V\u00e1zquez.<\/p>\n<p>Herrera Anzaldo solicit\u00f3 por la ma\u00f1ana licencia a su cargo en el Senado de la Rep\u00fablica y al mismo tiempo renunci\u00f3 al cargo en el MT para dedicarse a la nueva encomienda en el Edomex, por lo que hasta esta tarde se negaba a firmar el documento en el que se nombraba como coordinador general encargado del despacho, al ex magistrado electoral.<\/p>\n<p>De acuerdo a fuentes consultadas, tanto el senador jalisciense, Arturo Zamora como el delegado regional del PRI Jalisco, Eugenio Ruiz Orozco, se encontraban en las afueras de la oficina en el Senado e intentaban infructuosamente entrevistarse con la senadora con licencia para presionar y lograr la firma que le diera posesi\u00f3n a V\u00e1zquez.<\/p>\n<p>La llegada del ex magistrado al frente del MT no es fortuita, sino por las negociaciones que hiciera entre Casa Jalisco, el Comit\u00e9 Estatal del PRI en la entidad y la otrora encargada del sector, Roc\u00edo Corona Nakamura, y darle un \u00abpremio de consolaci\u00f3n\u00bb y dejara de \u00abmover el avispero\u00bb al interior del partido tras su intento por ser dirigente estatal del tricolor hace unos meses.<\/p>\n<p>As\u00ed la hoy diputada, Corona Nakamura dejar\u00e1 a V\u00e1zquez en su lugar para concluir el periodo de un a\u00f1o, y despu\u00e9s citar a renovar la dirigencia.<\/p>\n","protected":false},"excerpt":{"rendered":"<p>&nbsp; Por Eugenia Barajas La renuncia de la Secretaria General del Movimiento Territorial (MT) del PRI, la senadora, Ana Lilia Herrera Anzaldo, para tomar protesta como Secretaria de Educaci\u00f3n en el Estado de M\u00e9xico, dejar\u00e1 en \u00abespera\u00bb el nombramiento en el estado de Rub\u00e9n V\u00e1zquez. Herrera Anzaldo solicit\u00f3 por la ma\u00f1ana licencia a su cargo &hellip; <\/p>\n<p><a class=\"more-link btn\" href=\"https:\/\/lamendigapolitica.com\/?p=37902\">Seguir leyendo<\/a><\/p>\n","protected":false},"author":1,"featured_media":0,"comment_status":"open","ping_status":"closed","sticky":false,"template":"","format":"standard","meta":{"footnotes":""},"categories":[6,20,5,3],"tags":[],"class_list":["post-37902","post","type-post","status-publish","format-standard","hentry","category-congreso","category-gobierno","category-partidos","category-politica","item-wrap"],"_links":{"self":[{"href":"https:\/\/lamendigapolitica.com\/index.php?rest_route=\/wp\/v2\/posts\/37902","targetHints":{"allow":["GET"]}}],"collection":[{"href":"https:\/\/lamendigapolitica.com\/index.php?rest_route=\/wp\/v2\/posts"}],"about":[{"href":"https:\/\/lamendigapolitica.com\/index.php?rest_route=\/wp\/v2\/types\/post"}],"author":[{"embeddable":true,"href":"https:\/\/lamendigapolitica.com\/index.php?rest_route=\/wp\/v2\/users\/1"}],"replies":[{"embeddable":true,"href":"https:\/\/lamendigapolitica.com\/index.php?rest_route=%2Fwp%2Fv2%2Fcomments&post=37902"}],"version-history":[{"count":4,"href":"https:\/\/lamendigapolitica.com\/index.php?rest_route=\/wp\/v2\/posts\/37902\/revisions"}],"predecessor-version":[{"id":37907,"href":"https:\/\/lamendigapolitica.com\/index.php?rest_route=\/wp\/v2\/posts\/37902\/revisions\/37907"}],"wp:attachment":[{"href":"https:\/\/lamendigapolitica.com\/index.php?rest_route=%2Fwp%2Fv2%2Fmedia&parent=37902"}],"wp:term":[{"taxonomy":"category","embeddable":true,"href":"https:\/\/lamendigapolitica.com\/index.php?rest_route=%2Fwp%2Fv2%2Fcategories&post=37902"},{"taxonomy":"post_tag","embeddable":true,"href":"https:\/\/lamendigapolitica.com\/index.php?rest_route=%2Fwp%2Fv2%2Ftags&post=37902"}],"curies":[{"name":"wp","href":"https:\/\/api.w.org\/{rel}","templated":true}]}}