{"id":37899,"date":"2016-06-29T16:12:27","date_gmt":"2016-06-29T21:12:27","guid":{"rendered":"http:\/\/lamendigapolitica.com\/blog\/?p=37899"},"modified":"2016-06-29T16:12:27","modified_gmt":"2016-06-29T21:12:27","slug":"presentan-plan-maestro-para-huentitan","status":"publish","type":"post","link":"https:\/\/lamendigapolitica.com\/?p=37899","title":{"rendered":"Presentan Plan Maestro para Huentit\u00e1n"},"content":{"rendered":"<p><a href=\"https:\/\/lamendigapolitica.com\/blog\/blog\/wp-content\/uploads\/2016\/06\/27881431792_ae4d22330c_z.jpg\" rel=\"attachment wp-att-37900\"><img loading=\"lazy\" decoding=\"async\" class=\"aligncenter  wp-image-37900\" src=\"https:\/\/lamendigapolitica.com\/blog\/blog\/wp-content\/uploads\/2016\/06\/27881431792_ae4d22330c_z.jpg\" alt=\"27881431792_ae4d22330c_z\" width=\"357\" height=\"237\" \/><\/a><\/p>\n<p>&nbsp;<\/p>\n<p>La zona de la Barranca de Huentit\u00e1n se convertir\u00e1 en el punto de origen del desarrollo de la capital de Jalisco, seg\u00fan fue anunciado esta ma\u00f1ana con la presentaci\u00f3n del Plan Maestro Huentit\u00e1n por el Gobernador del Estado, Arist\u00f3teles Sandoval, el Presidente Municipal de Guadalajara, Enrique Alfaro, y el Rector de la UdeG, Tonatiuh Bravo.<\/p>\n<p>&nbsp;<\/p>\n<p>\u201cEs un proyecto m\u00e1s que orienta la planeaci\u00f3n a trav\u00e9s del programa metropolitano que acabamos de aprobar, un programa que le da orden, que le da certeza a la ciudadan\u00eda, que le da confianza de saber hacia d\u00f3nde llevamos el esfuerzo y hacia d\u00f3nde va el oriente (de Guadalajara)\u201d, asever\u00f3 Sandoval, durante el evento celebrado en Casa Jalisco.<\/p>\n<p>&nbsp;<\/p>\n<p>Por su parte, el Primer Edil tapat\u00edo, manifest\u00f3 que tras librar obst\u00e1culos legales, econ\u00f3micos y sociales, se logr\u00f3, con voluntad pol\u00edtica de los tres niveles de gobierno y con el consenso de la ciudadan\u00eda, uno de los proyectos m\u00e1s ambiciosos para Guadalajara. Ante vecinos y comerciantes de las colonias que se encuentran en las inmediaciones de la Barranca de Huentit\u00e1n, el primer edil tapat\u00edo present\u00f3 los detalles de dicho plan que contemplan parques, un planetario, un jard\u00edn bot\u00e1nico, un museo, una unidad m\u00e9dica, as\u00ed como trabajos de infraestructura vial.<\/p>\n<p>&nbsp;<\/p>\n<p>El plan maestro busca combatir la desigualdad en la zona y replantear el oriente de la ciudad volviendo a Huentit\u00e1n una zona atractiva para el turismo, el entretenimiento, la cultura, as\u00ed como para la ciencia, seg\u00fan manifest\u00f3 el Rector. \u201cLos buenos parques bot\u00e1nicos urbanos se encuentran generalmente asociados a universidades, museos e institutos de investigaci\u00f3n que elevan la calidad de su gesti\u00f3n vinculando sus programas con la ciencia y la formaci\u00f3n profesional que realizan las universidades\u201d, expres\u00f3 Bravo.<\/p>\n<p>&nbsp;<\/p>\n<p>El Gobernador aplaudi\u00f3 la coordinaci\u00f3n entre los tres niveles de gobierno, as\u00ed como el di\u00e1logo con la ciudadan\u00eda, para consolidar un proyecto en beneficio de toda la ciudad y la zona metropolitana.La inversi\u00f3n para estas obras ser\u00e1n de 688 millones 170 mil pesos provenientes del Fondo Iconia. Adicionalmente, habr\u00e1 una inversi\u00f3n adicional de 71 millones 130 mil pesos de fondos municipales, estatales y federales.<\/p>\n","protected":false},"excerpt":{"rendered":"<p>&nbsp; La zona de la Barranca de Huentit\u00e1n se convertir\u00e1 en el punto de origen del desarrollo de la capital de Jalisco, seg\u00fan fue anunciado esta ma\u00f1ana con la presentaci\u00f3n del Plan Maestro Huentit\u00e1n por el Gobernador del Estado, Arist\u00f3teles Sandoval, el Presidente Municipal de Guadalajara, Enrique Alfaro, y el Rector de la UdeG, Tonatiuh &hellip; <\/p>\n<p><a class=\"more-link btn\" href=\"https:\/\/lamendigapolitica.com\/?p=37899\">Seguir leyendo<\/a><\/p>\n","protected":false},"author":1,"featured_media":0,"comment_status":"open","ping_status":"closed","sticky":false,"template":"","format":"standard","meta":{"footnotes":""},"categories":[6,26,28,20,5,22],"tags":[],"class_list":["post-37899","post","type-post","status-publish","format-standard","hentry","category-congreso","category-cultura","category-educacion","category-gobierno","category-partidos","category-sociales","item-wrap"],"_links":{"self":[{"href":"https:\/\/lamendigapolitica.com\/index.php?rest_route=\/wp\/v2\/posts\/37899","targetHints":{"allow":["GET"]}}],"collection":[{"href":"https:\/\/lamendigapolitica.com\/index.php?rest_route=\/wp\/v2\/posts"}],"about":[{"href":"https:\/\/lamendigapolitica.com\/index.php?rest_route=\/wp\/v2\/types\/post"}],"author":[{"embeddable":true,"href":"https:\/\/lamendigapolitica.com\/index.php?rest_route=\/wp\/v2\/users\/1"}],"replies":[{"embeddable":true,"href":"https:\/\/lamendigapolitica.com\/index.php?rest_route=%2Fwp%2Fv2%2Fcomments&post=37899"}],"version-history":[{"count":1,"href":"https:\/\/lamendigapolitica.com\/index.php?rest_route=\/wp\/v2\/posts\/37899\/revisions"}],"predecessor-version":[{"id":37901,"href":"https:\/\/lamendigapolitica.com\/index.php?rest_route=\/wp\/v2\/posts\/37899\/revisions\/37901"}],"wp:attachment":[{"href":"https:\/\/lamendigapolitica.com\/index.php?rest_route=%2Fwp%2Fv2%2Fmedia&parent=37899"}],"wp:term":[{"taxonomy":"category","embeddable":true,"href":"https:\/\/lamendigapolitica.com\/index.php?rest_route=%2Fwp%2Fv2%2Fcategories&post=37899"},{"taxonomy":"post_tag","embeddable":true,"href":"https:\/\/lamendigapolitica.com\/index.php?rest_route=%2Fwp%2Fv2%2Ftags&post=37899"}],"curies":[{"name":"wp","href":"https:\/\/api.w.org\/{rel}","templated":true}]}}