{"id":37890,"date":"2016-06-29T11:01:43","date_gmt":"2016-06-29T16:01:43","guid":{"rendered":"http:\/\/lamendigapolitica.com\/blog\/?p=37890"},"modified":"2016-06-29T11:01:43","modified_gmt":"2016-06-29T16:01:43","slug":"maiz-palomero-de-toluca-a-punto-de-la-extincion","status":"publish","type":"post","link":"https:\/\/lamendigapolitica.com\/?p=37890","title":{"rendered":"Ma\u00edz palomero de Toluca a punto de la extinci\u00f3n"},"content":{"rendered":"<p><a href=\"https:\/\/lamendigapolitica.com\/blog\/blog\/wp-content\/uploads\/2016\/06\/maiz.jpg\" rel=\"attachment wp-att-37891\"><img loading=\"lazy\" decoding=\"async\" class=\"aligncenter  wp-image-37891\" src=\"https:\/\/lamendigapolitica.com\/blog\/blog\/wp-content\/uploads\/2016\/06\/maiz.jpg\" alt=\"maiz\" width=\"369\" height=\"179\" \/><\/a><\/p>\n<p>&nbsp;<\/p>\n<p>Las palomitas de ma\u00edz originales, surgidas de las primeras mazorcas que reventaron por acci\u00f3n del fuego, son mexicanas y est\u00e1n al borde de la extinci\u00f3n, una posibilidad contra la que lucha el empresario Rafael Mier, con un proyecto agr\u00edcola y social iniciado a partir del acervo de un banco de semillas, seg\u00fan narra un reportaje de SinEmbargo.<\/p>\n<p>&nbsp;<\/p>\n<p>De las ocho razas de las que procede el ma\u00edz palomero solo quedan en su tierra natal 514,9 hect\u00e1reas cultivadas en el estado de Tamaulipas, seg\u00fan las \u00faltimas cifras de la Secretar\u00eda de Agricultura, Ganader\u00eda, Desarrollo Rural, Pesca y Alimentaci\u00f3n (Sagarpa). El problema no es solo del ma\u00edz palomero, ya que M\u00e9xico tambi\u00e9n se convertir\u00e1 en el m\u00e1s grande importador global de ma\u00edz en general en el 2024, indica en sus proyecciones el Departamento de Agricultura de Estados Unidos (EU).<\/p>\n<p>&nbsp;<\/p>\n<p>Mier, defensor de los ma\u00edces oriundos de M\u00e9xico, concibi\u00f3 hace unos meses el proyecto de recuperar el ma\u00edz palomero toluque\u00f1o, una de las ocho razas que se encuentran en situaci\u00f3n cr\u00edtica. \u201cMi inter\u00e9s es que comencemos a sembrar este ma\u00edz, comenzar a ver cu\u00e1les son las semillas que todav\u00eda tienen viabilidad, tratar de que nuestra diversidad gen\u00e9tica no est\u00e9 guardada en un refrigerador\u201d, afirm\u00f3.<\/p>\n<p>&nbsp;<\/p>\n<p>Menos de dos hect\u00e1reas cultivadas por Mier cerca de Valle de Bravo, a 2 mil 400 metros de altura y a 136 kil\u00f3metros al oeste de Ciudad de M\u00e9xico, pueden ser el \u00faltimo vestigio del ma\u00edz palomero toluque\u00f1o.<\/p>\n","protected":false},"excerpt":{"rendered":"<p>&nbsp; Las palomitas de ma\u00edz originales, surgidas de las primeras mazorcas que reventaron por acci\u00f3n del fuego, son mexicanas y est\u00e1n al borde de la extinci\u00f3n, una posibilidad contra la que lucha el empresario Rafael Mier, con un proyecto agr\u00edcola y social iniciado a partir del acervo de un banco de semillas, seg\u00fan narra un &hellip; <\/p>\n<p><a class=\"more-link btn\" href=\"https:\/\/lamendigapolitica.com\/?p=37890\">Seguir leyendo<\/a><\/p>\n","protected":false},"author":1,"featured_media":0,"comment_status":"open","ping_status":"closed","sticky":false,"template":"","format":"standard","meta":{"footnotes":""},"categories":[6,26,30,20,31,5,3,22],"tags":[],"class_list":["post-37890","post","type-post","status-publish","format-standard","hentry","category-congreso","category-cultura","category-economia","category-gobierno","category-internacional","category-partidos","category-politica","category-sociales","item-wrap"],"_links":{"self":[{"href":"https:\/\/lamendigapolitica.com\/index.php?rest_route=\/wp\/v2\/posts\/37890","targetHints":{"allow":["GET"]}}],"collection":[{"href":"https:\/\/lamendigapolitica.com\/index.php?rest_route=\/wp\/v2\/posts"}],"about":[{"href":"https:\/\/lamendigapolitica.com\/index.php?rest_route=\/wp\/v2\/types\/post"}],"author":[{"embeddable":true,"href":"https:\/\/lamendigapolitica.com\/index.php?rest_route=\/wp\/v2\/users\/1"}],"replies":[{"embeddable":true,"href":"https:\/\/lamendigapolitica.com\/index.php?rest_route=%2Fwp%2Fv2%2Fcomments&post=37890"}],"version-history":[{"count":1,"href":"https:\/\/lamendigapolitica.com\/index.php?rest_route=\/wp\/v2\/posts\/37890\/revisions"}],"predecessor-version":[{"id":37892,"href":"https:\/\/lamendigapolitica.com\/index.php?rest_route=\/wp\/v2\/posts\/37890\/revisions\/37892"}],"wp:attachment":[{"href":"https:\/\/lamendigapolitica.com\/index.php?rest_route=%2Fwp%2Fv2%2Fmedia&parent=37890"}],"wp:term":[{"taxonomy":"category","embeddable":true,"href":"https:\/\/lamendigapolitica.com\/index.php?rest_route=%2Fwp%2Fv2%2Fcategories&post=37890"},{"taxonomy":"post_tag","embeddable":true,"href":"https:\/\/lamendigapolitica.com\/index.php?rest_route=%2Fwp%2Fv2%2Ftags&post=37890"}],"curies":[{"name":"wp","href":"https:\/\/api.w.org\/{rel}","templated":true}]}}