{"id":37887,"date":"2016-06-29T10:48:51","date_gmt":"2016-06-29T15:48:51","guid":{"rendered":"http:\/\/lamendigapolitica.com\/blog\/?p=37887"},"modified":"2016-06-29T10:48:51","modified_gmt":"2016-06-29T15:48:51","slug":"siguen-los-reclamos-a-pena-en-canada","status":"publish","type":"post","link":"https:\/\/lamendigapolitica.com\/?p=37887","title":{"rendered":"Siguen los reclamos a Pe\u00f1a en Canad\u00e1"},"content":{"rendered":"<p><a href=\"https:\/\/lamendigapolitica.com\/blog\/blog\/wp-content\/uploads\/2016\/06\/reclamos.jpg\" rel=\"attachment wp-att-37888\"><img loading=\"lazy\" decoding=\"async\" class=\"aligncenter size-full wp-image-37888\" src=\"https:\/\/lamendigapolitica.com\/blog\/blog\/wp-content\/uploads\/2016\/06\/reclamos.jpg\" alt=\"reclamos\" width=\"275\" height=\"183\" \/><\/a><\/p>\n<p>&nbsp;<\/p>\n<p>Antes de la visita de Enrique Pe\u00f1a Nieto a Canad\u00e1 diversas organizaciones exigieron que en Canad\u00e1 sea cuestionada oficialmente la situaci\u00f3n de los derechos humanos en M\u00e9xico, sin embargo, en sus primeras reuniones con autoridades de ese pa\u00eds el tema pareci\u00f3 no ser prioridad, informa hoy SinEmbargo.<\/p>\n<p>&nbsp;<\/p>\n<p>Durante una conferencia ofrecida por Pe\u00f1a Nieto y Couillerd, ambos fueron cuestionados sobre la problem\u00e1tica de los derechos humanos en M\u00e9xico. En tanto, hoy la prensa canadiense destaca que no s\u00f3lo esa crisis persigue a Pe\u00f1a Nieto en Canad\u00e1, sino tambi\u00e9n los esc\u00e1ndalos de corrupci\u00f3n durante su Gobierno. Adem\u00e1s, en Quebec y Toronto la sociedad civil le reclam\u00f3 ayer al Presidente mexicano por la crisis de derechos humanos. En dos eventos realizados en esas ciudades, manifestantes recibieron a Pe\u00f1a Nieto con gritos de \u201casesino\u201d y pancartas que recuerdan la desaparici\u00f3n de los 43 normalistas de Ayotzinapa.<\/p>\n<p>&nbsp;<\/p>\n<p>La organizaci\u00f3n Amnist\u00eda Internacional (AI) critic\u00f3 el c\u00e1lido recibimiento que el Primer Ministro de Quebec ofreci\u00f3 ayer al Enrique Pe\u00f1a Nieto. Lo anterior debido a que, durante una conferencia de prensa conjunta, Couillard hizo una evaluaci\u00f3n sobre los derechos humanos en M\u00e9xico y dijo que el pa\u00eds se est\u00e1 \u201cmoviendo en la direcci\u00f3n correcta\u201d. Por su parte, Pe\u00f1a Nieto sostuvo que su Gobierno ha \u201checho un esfuerzo importante para avanzar en cuestiones relacionadas con los derechos humanos\u201d.<\/p>\n<p>&nbsp;<\/p>\n<p>Pero director ejecutivo de AI M\u00e9xico, Perseo Quiroz, critic\u00f3 el comentario del Primer Ministro de Quebec y dijo: \u201cNo estoy de acuerdo en que M\u00e9xico va en la direcci\u00f3n correcta\u201d. Aunque Pe\u00f1a Nieto ha impulsado algunas reformas legislativas, simplemente no ha sido suficiente, expuso. Las declaraciones de Quiroz fueron destacadas en The Canadian Press, en la versi\u00f3n canadiense del Huffington Post y tambi\u00e9n en el sitio digital de la cadena local CBS News. \u201cEl problema de M\u00e9xico es la diferencia entre lo que dice la Ley, y lo que sucede, es muy grande\u201d, consider\u00f3 el activista Quiroz.<\/p>\n","protected":false},"excerpt":{"rendered":"<p>&nbsp; Antes de la visita de Enrique Pe\u00f1a Nieto a Canad\u00e1 diversas organizaciones exigieron que en Canad\u00e1 sea cuestionada oficialmente la situaci\u00f3n de los derechos humanos en M\u00e9xico, sin embargo, en sus primeras reuniones con autoridades de ese pa\u00eds el tema pareci\u00f3 no ser prioridad, informa hoy SinEmbargo. &nbsp; Durante una conferencia ofrecida por Pe\u00f1a &hellip; <\/p>\n<p><a class=\"more-link btn\" href=\"https:\/\/lamendigapolitica.com\/?p=37887\">Seguir leyendo<\/a><\/p>\n","protected":false},"author":1,"featured_media":0,"comment_status":"open","ping_status":"closed","sticky":false,"template":"","format":"standard","meta":{"footnotes":""},"categories":[6,20,31,5,3,27,22],"tags":[],"class_list":["post-37887","post","type-post","status-publish","format-standard","hentry","category-congreso","category-gobierno","category-internacional","category-partidos","category-politica","category-seguridad","category-sociales","item-wrap"],"_links":{"self":[{"href":"https:\/\/lamendigapolitica.com\/index.php?rest_route=\/wp\/v2\/posts\/37887","targetHints":{"allow":["GET"]}}],"collection":[{"href":"https:\/\/lamendigapolitica.com\/index.php?rest_route=\/wp\/v2\/posts"}],"about":[{"href":"https:\/\/lamendigapolitica.com\/index.php?rest_route=\/wp\/v2\/types\/post"}],"author":[{"embeddable":true,"href":"https:\/\/lamendigapolitica.com\/index.php?rest_route=\/wp\/v2\/users\/1"}],"replies":[{"embeddable":true,"href":"https:\/\/lamendigapolitica.com\/index.php?rest_route=%2Fwp%2Fv2%2Fcomments&post=37887"}],"version-history":[{"count":1,"href":"https:\/\/lamendigapolitica.com\/index.php?rest_route=\/wp\/v2\/posts\/37887\/revisions"}],"predecessor-version":[{"id":37889,"href":"https:\/\/lamendigapolitica.com\/index.php?rest_route=\/wp\/v2\/posts\/37887\/revisions\/37889"}],"wp:attachment":[{"href":"https:\/\/lamendigapolitica.com\/index.php?rest_route=%2Fwp%2Fv2%2Fmedia&parent=37887"}],"wp:term":[{"taxonomy":"category","embeddable":true,"href":"https:\/\/lamendigapolitica.com\/index.php?rest_route=%2Fwp%2Fv2%2Fcategories&post=37887"},{"taxonomy":"post_tag","embeddable":true,"href":"https:\/\/lamendigapolitica.com\/index.php?rest_route=%2Fwp%2Fv2%2Ftags&post=37887"}],"curies":[{"name":"wp","href":"https:\/\/api.w.org\/{rel}","templated":true}]}}