{"id":37884,"date":"2016-06-29T10:35:02","date_gmt":"2016-06-29T15:35:02","guid":{"rendered":"http:\/\/lamendigapolitica.com\/blog\/?p=37884"},"modified":"2016-06-29T10:35:02","modified_gmt":"2016-06-29T15:35:02","slug":"justin-trudeau-urge-a-pena-en-canada-dialogar-con-profesores-de-la-cnte","status":"publish","type":"post","link":"https:\/\/lamendigapolitica.com\/?p=37884","title":{"rendered":"Justin Trudeau urge a Pe\u00f1a, en Canad\u00e1, dialogar con profesores de la CNTE"},"content":{"rendered":"<p><a href=\"https:\/\/lamendigapolitica.com\/blog\/blog\/wp-content\/uploads\/2016\/06\/Justin-Trudeau.jpg\" rel=\"attachment wp-att-37885\"><img loading=\"lazy\" decoding=\"async\" class=\"aligncenter  wp-image-37885\" src=\"https:\/\/lamendigapolitica.com\/blog\/blog\/wp-content\/uploads\/2016\/06\/Justin-Trudeau.jpg\" alt=\"Justin Trudeau\" width=\"385\" height=\"203\" \/><\/a><\/p>\n<p>&nbsp;<\/p>\n<p>El Primer Ministro de Canad\u00e1, Justin Trudeau, pidi\u00f3 al Presidente, Enrique Pe\u00f1a Nieto, privilegiar el di\u00e1logo en el conflicto magisterial que se vive en M\u00e9xico. Durante la conferencia de prensa, Pe\u00f1a Nieto fue cuestionado por un periodista mexicano acerca del conflicto actual con los profesores, que recientemente dej\u00f3 nueve muertos en en Nochixtl\u00e1n, Oaxaca.<\/p>\n<p>&nbsp;<\/p>\n<p>Ah\u00ed el Presidente de M\u00e9xico hizo un llamado a los maestros \u201cdisidentes\u201d para cumplir con su \u201cfunci\u00f3n social\u201d y trabajar m\u00e1s duro para el mejoramiento de sus comunidades. Trudeau habl\u00f3, espont\u00e1neamente, y record\u00f3 su experiencia al interior de las aulas. \u201cObviamente, como maestro, tuve una buena conversaci\u00f3n acerca de esto con el Presidente, en lo que concerniente a estos preocupantes incidentes ocurridos, pero tambi\u00e9n sobre la necesidad de entablar un di\u00e1logo constructivo y garantizar el fortalecimiento del estado de derecho\u201d, dijo.<\/p>\n<p>&nbsp;<\/p>\n<p>La Coordinadora Nacional de Trabajadores de la Educaci\u00f3n, o la CNTE, ha bloqueado carreteras y marchado en diferentes estados en contra de la Reforma Educativa y Pe\u00f1a Nieto ha hablado de las mismas durante la gira que realiza en Canad\u00e1. \u201cEs lamentable que las manifestaciones que hemos visto en diferentes lugares de nuestro pa\u00eds, espec\u00edficamente en el estado de Oaxaca (\u2026)que va m\u00e1s all\u00e1 de simplemente demostrar y luchando por una causa [\u2026] est\u00e9n causando problemas a la comunidad a la que pertenecen.\u201d<\/p>\n<p>&nbsp;<\/p>\n<p>Pe\u00f1a Nieto dijo que los maestros deben hacer uso de los \u201cmecanismos\u201d del \u201cestado de derecho\u201d para luchar por su causa: \u201cYo los llamar\u00eda para llevar a cabo su funci\u00f3n social\u201d, dijo. \u201cEllos tienen que llevar a cabo la funci\u00f3n social de cualquier maestro. Tienen que trabajar en beneficio de sus comunidades\u201d.<\/p>\n<p>&nbsp;<\/p>\n<p>Pe\u00f1a Nieto fue recibido en ese pa\u00eds norteamericano entre protestas de ciudadanos que reclamaron la crisis de violaciones a derechos humanos que atraviesa el pa\u00eds. La prensa de ese pa\u00eds tambi\u00e9n ha hecho hincapi\u00e9 en el mismo problema.<\/p>\n","protected":false},"excerpt":{"rendered":"<p>&nbsp; El Primer Ministro de Canad\u00e1, Justin Trudeau, pidi\u00f3 al Presidente, Enrique Pe\u00f1a Nieto, privilegiar el di\u00e1logo en el conflicto magisterial que se vive en M\u00e9xico. Durante la conferencia de prensa, Pe\u00f1a Nieto fue cuestionado por un periodista mexicano acerca del conflicto actual con los profesores, que recientemente dej\u00f3 nueve muertos en en Nochixtl\u00e1n, Oaxaca. &hellip; <\/p>\n<p><a class=\"more-link btn\" href=\"https:\/\/lamendigapolitica.com\/?p=37884\">Seguir leyendo<\/a><\/p>\n","protected":false},"author":1,"featured_media":0,"comment_status":"open","ping_status":"closed","sticky":false,"template":"","format":"standard","meta":{"footnotes":""},"categories":[6,30,28,20,31,5,3,27],"tags":[],"class_list":["post-37884","post","type-post","status-publish","format-standard","hentry","category-congreso","category-economia","category-educacion","category-gobierno","category-internacional","category-partidos","category-politica","category-seguridad","item-wrap"],"_links":{"self":[{"href":"https:\/\/lamendigapolitica.com\/index.php?rest_route=\/wp\/v2\/posts\/37884","targetHints":{"allow":["GET"]}}],"collection":[{"href":"https:\/\/lamendigapolitica.com\/index.php?rest_route=\/wp\/v2\/posts"}],"about":[{"href":"https:\/\/lamendigapolitica.com\/index.php?rest_route=\/wp\/v2\/types\/post"}],"author":[{"embeddable":true,"href":"https:\/\/lamendigapolitica.com\/index.php?rest_route=\/wp\/v2\/users\/1"}],"replies":[{"embeddable":true,"href":"https:\/\/lamendigapolitica.com\/index.php?rest_route=%2Fwp%2Fv2%2Fcomments&post=37884"}],"version-history":[{"count":1,"href":"https:\/\/lamendigapolitica.com\/index.php?rest_route=\/wp\/v2\/posts\/37884\/revisions"}],"predecessor-version":[{"id":37886,"href":"https:\/\/lamendigapolitica.com\/index.php?rest_route=\/wp\/v2\/posts\/37884\/revisions\/37886"}],"wp:attachment":[{"href":"https:\/\/lamendigapolitica.com\/index.php?rest_route=%2Fwp%2Fv2%2Fmedia&parent=37884"}],"wp:term":[{"taxonomy":"category","embeddable":true,"href":"https:\/\/lamendigapolitica.com\/index.php?rest_route=%2Fwp%2Fv2%2Fcategories&post=37884"},{"taxonomy":"post_tag","embeddable":true,"href":"https:\/\/lamendigapolitica.com\/index.php?rest_route=%2Fwp%2Fv2%2Ftags&post=37884"}],"curies":[{"name":"wp","href":"https:\/\/api.w.org\/{rel}","templated":true}]}}