{"id":37881,"date":"2016-06-29T09:50:55","date_gmt":"2016-06-29T14:50:55","guid":{"rendered":"http:\/\/lamendigapolitica.com\/blog\/?p=37881"},"modified":"2016-06-29T09:50:55","modified_gmt":"2016-06-29T14:50:55","slug":"difieren-senadores-en-torno-al-veto-a-ley-3de3","status":"publish","type":"post","link":"https:\/\/lamendigapolitica.com\/?p=37881","title":{"rendered":"Difieren senadores en torno al veto a ley 3de3"},"content":{"rendered":"<p><a href=\"https:\/\/lamendigapolitica.com\/blog\/blog\/wp-content\/uploads\/2016\/06\/senadores-1.jpg\" rel=\"attachment wp-att-37882\"><img loading=\"lazy\" decoding=\"async\" class=\"aligncenter size-full wp-image-37882\" src=\"https:\/\/lamendigapolitica.com\/blog\/blog\/wp-content\/uploads\/2016\/06\/senadores-1.jpg\" alt=\"senadores\" width=\"275\" height=\"183\" \/><\/a><\/p>\n<p>&nbsp;<\/p>\n<p>Mientras que el presidente del Senado, Roberto Gil Zuarth, se\u00f1ala que \u201cno existen las condiciones pol\u00edticas\u201d para rechazar el veto presidencial a la inclusi\u00f3n del sector privado en la ley anticorrupci\u00f3n, incluida la declaraci\u00f3n p\u00fablica del \u00a03de3, porque es previsible que el PRI, grupo mayoritario se allane a la decisi\u00f3n presidencial, el coordinador de los panistas anunci\u00f3, v\u00eda Twitter, que su grupo parlamentario rechazar\u00e1 los cambios propuestos por el presidente Enrique Pe\u00f1a Nieto.<\/p>\n<p>&nbsp;<\/p>\n<p>En tanto, el presidente de la Junta de Coordinaci\u00f3n Pol\u00edtica del Senado, Emilio Gamboa Patr\u00f3n, inform\u00f3 que los grupos parlamentarios acordaron que el periodo extraordinario para sacar a los empresarios de esta ley anticorrupci\u00f3n ser\u00e1 el 5 de julio.<\/p>\n<p>&nbsp;<\/p>\n<p>Los senadores de los distintos grupos parlamentarios mostraron visiones diferentes de lo que pueden hacer con el veto. Roberto Gil record\u00f3 que se requieren las dos terceras partes del pleno para rechazar el veto presidencial y que el Senado insista en la redacci\u00f3n original, pero s\u00f3lo requiere de la mayor\u00eda simple para aceptar la propuesta de redacci\u00f3n del Presidente de la Rep\u00fablica o para modificarla y que el Senado haga sus ajustes.<\/p>\n<p>&nbsp;<\/p>\n<p>Pero desde la visi\u00f3n de Emilio Gamboa, el Senado carece de facultades para hacer sus propios cambios a los art\u00edculos que observ\u00f3 el Presidente de la Rep\u00fablica y s\u00f3lo tiene dos opciones: o rechaza completo o acepta completo.\u201cNo hay ninguna opci\u00f3n. No hay opci\u00f3n de que podamos meterle una palabra o incluir, quitarle una coma. Es s\u00ed o no; el no es con las dos terceras partes, el s\u00ed es 50% m\u00e1s uno, es mayor\u00eda simple\u201d, dijo.<\/p>\n<p>&nbsp;<\/p>\n<p>Luis Miguel Barbosa, l\u00edder de los senadores del PRD, dijo que en su grupo parlamentario \u201cno seremos obst\u00e1culo ni queremos sacar dividendos pol\u00edticos\u201d, pero acept\u00f3 que por el momento no existe sustento constitucional para que los empresarios se ajusten a todas las reglas anticorrupci\u00f3n. \u201cEso no tiene en este momento un sustento constitucional, o sea, teneos una posici\u00f3n pol\u00edtica nosotros, pero no tenemos, no vemos que haya un sustento constitucional fuerte para poder llegar a ese punto\u201d, dijo.<\/p>\n","protected":false},"excerpt":{"rendered":"<p>&nbsp; Mientras que el presidente del Senado, Roberto Gil Zuarth, se\u00f1ala que \u201cno existen las condiciones pol\u00edticas\u201d para rechazar el veto presidencial a la inclusi\u00f3n del sector privado en la ley anticorrupci\u00f3n, incluida la declaraci\u00f3n p\u00fablica del \u00a03de3, porque es previsible que el PRI, grupo mayoritario se allane a la decisi\u00f3n presidencial, el coordinador de &hellip; <\/p>\n<p><a class=\"more-link btn\" href=\"https:\/\/lamendigapolitica.com\/?p=37881\">Seguir leyendo<\/a><\/p>\n","protected":false},"author":1,"featured_media":0,"comment_status":"open","ping_status":"closed","sticky":false,"template":"","format":"standard","meta":{"footnotes":""},"categories":[6,30,20,5,3],"tags":[],"class_list":["post-37881","post","type-post","status-publish","format-standard","hentry","category-congreso","category-economia","category-gobierno","category-partidos","category-politica","item-wrap"],"_links":{"self":[{"href":"https:\/\/lamendigapolitica.com\/index.php?rest_route=\/wp\/v2\/posts\/37881","targetHints":{"allow":["GET"]}}],"collection":[{"href":"https:\/\/lamendigapolitica.com\/index.php?rest_route=\/wp\/v2\/posts"}],"about":[{"href":"https:\/\/lamendigapolitica.com\/index.php?rest_route=\/wp\/v2\/types\/post"}],"author":[{"embeddable":true,"href":"https:\/\/lamendigapolitica.com\/index.php?rest_route=\/wp\/v2\/users\/1"}],"replies":[{"embeddable":true,"href":"https:\/\/lamendigapolitica.com\/index.php?rest_route=%2Fwp%2Fv2%2Fcomments&post=37881"}],"version-history":[{"count":1,"href":"https:\/\/lamendigapolitica.com\/index.php?rest_route=\/wp\/v2\/posts\/37881\/revisions"}],"predecessor-version":[{"id":37883,"href":"https:\/\/lamendigapolitica.com\/index.php?rest_route=\/wp\/v2\/posts\/37881\/revisions\/37883"}],"wp:attachment":[{"href":"https:\/\/lamendigapolitica.com\/index.php?rest_route=%2Fwp%2Fv2%2Fmedia&parent=37881"}],"wp:term":[{"taxonomy":"category","embeddable":true,"href":"https:\/\/lamendigapolitica.com\/index.php?rest_route=%2Fwp%2Fv2%2Fcategories&post=37881"},{"taxonomy":"post_tag","embeddable":true,"href":"https:\/\/lamendigapolitica.com\/index.php?rest_route=%2Fwp%2Fv2%2Ftags&post=37881"}],"curies":[{"name":"wp","href":"https:\/\/api.w.org\/{rel}","templated":true}]}}