{"id":37872,"date":"2016-06-29T09:14:29","date_gmt":"2016-06-29T14:14:29","guid":{"rendered":"http:\/\/lamendigapolitica.com\/blog\/?p=37872"},"modified":"2016-06-29T09:14:47","modified_gmt":"2016-06-29T14:14:47","slug":"anarquistas-allanan-embajada-de-mexico-en-atenas","status":"publish","type":"post","link":"https:\/\/lamendigapolitica.com\/?p=37872","title":{"rendered":"Anarquistas allanan embajada de M\u00e9xico en Atenas"},"content":{"rendered":"<p><a href=\"https:\/\/lamendigapolitica.com\/blog\/blog\/wp-content\/uploads\/2016\/06\/atenas.jpg\" rel=\"attachment wp-att-37873\"><img loading=\"lazy\" decoding=\"async\" class=\"aligncenter wp-image-37873\" src=\"https:\/\/lamendigapolitica.com\/blog\/blog\/wp-content\/uploads\/2016\/06\/atenas.jpg\" alt=\"atenas\" width=\"352\" height=\"179\" \/><\/a><\/p>\n<p>&nbsp;<\/p>\n<p>Un grupo de 14 personas, autodenominados miembros del grupo anarquista Rouvikonas (Rubic\u00f3n en griego), irrumpieron hoy en la embajada de M\u00e9xico en Atenas para protestar por las violaciones de los derechos humanos que se cometen en ese pa\u00eds.<\/p>\n<p>&nbsp;<\/p>\n<p>Los integrantes de este colectivo entraron en la legaci\u00f3n y distribuyeron un comunicado, tras lo cual abandonaron el recinto y a su salida fueron detenidos e identificados por la Polic\u00eda, que los liber\u00f3 poco despu\u00e9s. \u201cSalieron sin provocar da\u00f1os\u201d, asegur\u00f3 a Efe un portavoz de la Polic\u00eda, \u201cpor lo que de momento ninguno comparecer\u00e1 ante un juez porque para ello es necesaria una denuncia oficial de la embajada; si la embajada presenta la denuncia comparecer\u00e1n todos\u201d.<\/p>\n<p>&nbsp;<\/p>\n<p>En todo caso, asegur\u00f3 el portavoz, se enfrentar\u00e1n a cargos de \u201callanamiento de espacio privado\u201d. El grupo, a cuyo comunicado tuvo acceso Efe, denuncia \u201cdesapariciones forzosas\u201d en M\u00e9xico, un pa\u00eds en el que, seg\u00fan ellos \u201cla impunidad se ha convertido en instituci\u00f3n, la falta de tolerancia es la forma de gobierno y la corrupci\u00f3n una forma de vida\u201d.<\/p>\n","protected":false},"excerpt":{"rendered":"<p>&nbsp; Un grupo de 14 personas, autodenominados miembros del grupo anarquista Rouvikonas (Rubic\u00f3n en griego), irrumpieron hoy en la embajada de M\u00e9xico en Atenas para protestar por las violaciones de los derechos humanos que se cometen en ese pa\u00eds. &nbsp; Los integrantes de este colectivo entraron en la legaci\u00f3n y distribuyeron un comunicado, tras lo &hellip; <\/p>\n<p><a class=\"more-link btn\" href=\"https:\/\/lamendigapolitica.com\/?p=37872\">Seguir leyendo<\/a><\/p>\n","protected":false},"author":1,"featured_media":0,"comment_status":"open","ping_status":"closed","sticky":false,"template":"","format":"standard","meta":{"footnotes":""},"categories":[6,20,31,5,3,27],"tags":[],"class_list":["post-37872","post","type-post","status-publish","format-standard","hentry","category-congreso","category-gobierno","category-internacional","category-partidos","category-politica","category-seguridad","item-wrap"],"_links":{"self":[{"href":"https:\/\/lamendigapolitica.com\/index.php?rest_route=\/wp\/v2\/posts\/37872","targetHints":{"allow":["GET"]}}],"collection":[{"href":"https:\/\/lamendigapolitica.com\/index.php?rest_route=\/wp\/v2\/posts"}],"about":[{"href":"https:\/\/lamendigapolitica.com\/index.php?rest_route=\/wp\/v2\/types\/post"}],"author":[{"embeddable":true,"href":"https:\/\/lamendigapolitica.com\/index.php?rest_route=\/wp\/v2\/users\/1"}],"replies":[{"embeddable":true,"href":"https:\/\/lamendigapolitica.com\/index.php?rest_route=%2Fwp%2Fv2%2Fcomments&post=37872"}],"version-history":[{"count":1,"href":"https:\/\/lamendigapolitica.com\/index.php?rest_route=\/wp\/v2\/posts\/37872\/revisions"}],"predecessor-version":[{"id":37874,"href":"https:\/\/lamendigapolitica.com\/index.php?rest_route=\/wp\/v2\/posts\/37872\/revisions\/37874"}],"wp:attachment":[{"href":"https:\/\/lamendigapolitica.com\/index.php?rest_route=%2Fwp%2Fv2%2Fmedia&parent=37872"}],"wp:term":[{"taxonomy":"category","embeddable":true,"href":"https:\/\/lamendigapolitica.com\/index.php?rest_route=%2Fwp%2Fv2%2Fcategories&post=37872"},{"taxonomy":"post_tag","embeddable":true,"href":"https:\/\/lamendigapolitica.com\/index.php?rest_route=%2Fwp%2Fv2%2Ftags&post=37872"}],"curies":[{"name":"wp","href":"https:\/\/api.w.org\/{rel}","templated":true}]}}