{"id":37869,"date":"2016-06-29T09:04:44","date_gmt":"2016-06-29T14:04:44","guid":{"rendered":"http:\/\/lamendigapolitica.com\/blog\/?p=37869"},"modified":"2016-06-29T09:04:44","modified_gmt":"2016-06-29T14:04:44","slug":"cancilleria-mexicana-se-ilumina-con-colores-de-turquia","status":"publish","type":"post","link":"https:\/\/lamendigapolitica.com\/?p=37869","title":{"rendered":"Canciller\u00eda mexicana se ilumina con colores de Turqu\u00eda"},"content":{"rendered":"<p><a href=\"https:\/\/lamendigapolitica.com\/blog\/blog\/wp-content\/uploads\/2016\/06\/edifiicio.jpg\" rel=\"attachment wp-att-37870\"><img loading=\"lazy\" decoding=\"async\" class=\"aligncenter  wp-image-37870\" src=\"https:\/\/lamendigapolitica.com\/blog\/blog\/wp-content\/uploads\/2016\/06\/edifiicio.jpg\" alt=\"edifiicio\" width=\"355\" height=\"199\" \/><\/a><\/p>\n<p>&nbsp;<\/p>\n<p>Como muestra de solidaridad ante los hechos violentos ocurridos la v\u00edspera en Estambul, el edificio de la Secretar\u00eda de Relaciones Exteriores (SRE) se ilumina con los colores de la bandera de la Rep\u00fablica de Turqu\u00eda.<\/p>\n<p>&nbsp;<\/p>\n<p>M\u00e9xico expresa sus condolencias al pueblo y al gobierno de la Rep\u00fablica de Turqu\u00eda y su solidaridad a los familiares de las v\u00edctimas, detall\u00f3 la canciller\u00eda.<\/p>\n<p>&nbsp;<\/p>\n<p>Adem\u00e1s, reitera su en\u00e9rgico rechazo al terrorismo y al extremismo en todas sus formas.<\/p>\n","protected":false},"excerpt":{"rendered":"<p>&nbsp; Como muestra de solidaridad ante los hechos violentos ocurridos la v\u00edspera en Estambul, el edificio de la Secretar\u00eda de Relaciones Exteriores (SRE) se ilumina con los colores de la bandera de la Rep\u00fablica de Turqu\u00eda. &nbsp; M\u00e9xico expresa sus condolencias al pueblo y al gobierno de la Rep\u00fablica de Turqu\u00eda y su solidaridad a &hellip; <\/p>\n<p><a class=\"more-link btn\" href=\"https:\/\/lamendigapolitica.com\/?p=37869\">Seguir leyendo<\/a><\/p>\n","protected":false},"author":1,"featured_media":0,"comment_status":"open","ping_status":"closed","sticky":false,"template":"","format":"standard","meta":{"footnotes":""},"categories":[6,20,31,5,3,27],"tags":[],"class_list":["post-37869","post","type-post","status-publish","format-standard","hentry","category-congreso","category-gobierno","category-internacional","category-partidos","category-politica","category-seguridad","item-wrap"],"_links":{"self":[{"href":"https:\/\/lamendigapolitica.com\/index.php?rest_route=\/wp\/v2\/posts\/37869","targetHints":{"allow":["GET"]}}],"collection":[{"href":"https:\/\/lamendigapolitica.com\/index.php?rest_route=\/wp\/v2\/posts"}],"about":[{"href":"https:\/\/lamendigapolitica.com\/index.php?rest_route=\/wp\/v2\/types\/post"}],"author":[{"embeddable":true,"href":"https:\/\/lamendigapolitica.com\/index.php?rest_route=\/wp\/v2\/users\/1"}],"replies":[{"embeddable":true,"href":"https:\/\/lamendigapolitica.com\/index.php?rest_route=%2Fwp%2Fv2%2Fcomments&post=37869"}],"version-history":[{"count":1,"href":"https:\/\/lamendigapolitica.com\/index.php?rest_route=\/wp\/v2\/posts\/37869\/revisions"}],"predecessor-version":[{"id":37871,"href":"https:\/\/lamendigapolitica.com\/index.php?rest_route=\/wp\/v2\/posts\/37869\/revisions\/37871"}],"wp:attachment":[{"href":"https:\/\/lamendigapolitica.com\/index.php?rest_route=%2Fwp%2Fv2%2Fmedia&parent=37869"}],"wp:term":[{"taxonomy":"category","embeddable":true,"href":"https:\/\/lamendigapolitica.com\/index.php?rest_route=%2Fwp%2Fv2%2Fcategories&post=37869"},{"taxonomy":"post_tag","embeddable":true,"href":"https:\/\/lamendigapolitica.com\/index.php?rest_route=%2Fwp%2Fv2%2Ftags&post=37869"}],"curies":[{"name":"wp","href":"https:\/\/api.w.org\/{rel}","templated":true}]}}