{"id":37866,"date":"2016-06-29T08:55:04","date_gmt":"2016-06-29T13:55:04","guid":{"rendered":"http:\/\/lamendigapolitica.com\/blog\/?p=37866"},"modified":"2016-06-29T08:55:04","modified_gmt":"2016-06-29T13:55:04","slug":"mexicanos-salen-de-turquia-tras-atentados-en-estambul","status":"publish","type":"post","link":"https:\/\/lamendigapolitica.com\/?p=37866","title":{"rendered":"Mexicanos salen de Turqu\u00eda tras atentados en Estambul"},"content":{"rendered":"<p><a href=\"https:\/\/lamendigapolitica.com\/blog\/blog\/wp-content\/uploads\/2016\/06\/aero.jpg\" rel=\"attachment wp-att-37867\"><img loading=\"lazy\" decoding=\"async\" class=\"aligncenter size-full wp-image-37867\" src=\"https:\/\/lamendigapolitica.com\/blog\/blog\/wp-content\/uploads\/2016\/06\/aero.jpg\" alt=\"aero\" width=\"297\" height=\"170\" \/><\/a><\/p>\n<p>&nbsp;<\/p>\n<p>No hay mexicanos afectados tras los atentados en el Aeropuerto Internacional Atat\u00fcrk de Estambul, afirm\u00f3 la embajadora de M\u00e9xico en Turqu\u00eda, Martha B\u00e1rcena. \u201cHasta este momento no hay ning\u00fan mexicano fallecido o herido, sin embargo el n\u00famero de personas muertas es muy fluido, cambia con las horas, porque han encontrado personas afectadas o heridas muy graves y esperemos que no surja una noticia triste en estos momentos\u201d.<\/p>\n<p>&nbsp;<\/p>\n<p>Explic\u00f3 que desde el momento de los estallidos, recibieron una avalancha de llamadas de ciudadanos mexicanos que estaban en territorio Turco sobre todo en Estambul; hab\u00eda un muchacho mexicano que estaba en ese momento en el aeropuerto y la polic\u00eda lo incluy\u00f3 en un grupo de personas que sacaron del lugar, cuando lo evacuaron y lo hospedaron en un hotel.<\/p>\n<p>&nbsp;<\/p>\n<p>\u201cEstamos restableciendo comunicaci\u00f3n con \u00e9l para saber cu\u00e1ndo va a salir del pa\u00eds, hay una familia que estaba traslad\u00e1ndose al aeropuerto para viajar a M\u00e9xico y se regres\u00f3 al hotel despu\u00e9s de los hechos y hoy ya sali\u00f3 hacia su destino\u201d, explic\u00f3 en entrevista con Carlos Loret de Mola para Primero Noticias.<\/p>\n<p>&nbsp;<\/p>\n<p>Dijo que el principal reto en estos momentos es ayudar a los mexicanos varados para que regresen a su naci\u00f3n o prosigan con su viaje; a otros m\u00e1s a recuperar su equipaje, porque al momento de los hechos salieron corriendo y dejaron sus pertenencias. Esta ma\u00f1ana ya localizamos a cinco personas m\u00e1s que busc\u00e1bamos, dijo, \u201ctenemos un peque\u00f1o grupo de muchachos que estaban en un intercambio rotario y algunos otros que no pudieron aterrizar en Estambul y que regresaron a las capitales de donde estaban volando, como Berl\u00edn o Londres, no pasan de ser un par de decenas de mexicanos aqu\u00ed<\/p>\n","protected":false},"excerpt":{"rendered":"<p>&nbsp; No hay mexicanos afectados tras los atentados en el Aeropuerto Internacional Atat\u00fcrk de Estambul, afirm\u00f3 la embajadora de M\u00e9xico en Turqu\u00eda, Martha B\u00e1rcena. \u201cHasta este momento no hay ning\u00fan mexicano fallecido o herido, sin embargo el n\u00famero de personas muertas es muy fluido, cambia con las horas, porque han encontrado personas afectadas o heridas &hellip; <\/p>\n<p><a class=\"more-link btn\" href=\"https:\/\/lamendigapolitica.com\/?p=37866\">Seguir leyendo<\/a><\/p>\n","protected":false},"author":1,"featured_media":0,"comment_status":"open","ping_status":"closed","sticky":false,"template":"","format":"standard","meta":{"footnotes":""},"categories":[30,20,31,3,21,27,24],"tags":[],"class_list":["post-37866","post","type-post","status-publish","format-standard","hentry","category-economia","category-gobierno","category-internacional","category-politica","category-religion","category-seguridad","category-turismo","item-wrap"],"_links":{"self":[{"href":"https:\/\/lamendigapolitica.com\/index.php?rest_route=\/wp\/v2\/posts\/37866","targetHints":{"allow":["GET"]}}],"collection":[{"href":"https:\/\/lamendigapolitica.com\/index.php?rest_route=\/wp\/v2\/posts"}],"about":[{"href":"https:\/\/lamendigapolitica.com\/index.php?rest_route=\/wp\/v2\/types\/post"}],"author":[{"embeddable":true,"href":"https:\/\/lamendigapolitica.com\/index.php?rest_route=\/wp\/v2\/users\/1"}],"replies":[{"embeddable":true,"href":"https:\/\/lamendigapolitica.com\/index.php?rest_route=%2Fwp%2Fv2%2Fcomments&post=37866"}],"version-history":[{"count":1,"href":"https:\/\/lamendigapolitica.com\/index.php?rest_route=\/wp\/v2\/posts\/37866\/revisions"}],"predecessor-version":[{"id":37868,"href":"https:\/\/lamendigapolitica.com\/index.php?rest_route=\/wp\/v2\/posts\/37866\/revisions\/37868"}],"wp:attachment":[{"href":"https:\/\/lamendigapolitica.com\/index.php?rest_route=%2Fwp%2Fv2%2Fmedia&parent=37866"}],"wp:term":[{"taxonomy":"category","embeddable":true,"href":"https:\/\/lamendigapolitica.com\/index.php?rest_route=%2Fwp%2Fv2%2Fcategories&post=37866"},{"taxonomy":"post_tag","embeddable":true,"href":"https:\/\/lamendigapolitica.com\/index.php?rest_route=%2Fwp%2Fv2%2Ftags&post=37866"}],"curies":[{"name":"wp","href":"https:\/\/api.w.org\/{rel}","templated":true}]}}