{"id":37850,"date":"2016-06-28T18:05:14","date_gmt":"2016-06-28T23:05:14","guid":{"rendered":"http:\/\/lamendigapolitica.com\/blog\/?p=37850"},"modified":"2016-06-28T18:05:14","modified_gmt":"2016-06-28T23:05:14","slug":"congelan-extradicion-de-el-chapo","status":"publish","type":"post","link":"https:\/\/lamendigapolitica.com\/?p=37850","title":{"rendered":"\u201cCongelan\u201d extradici\u00f3n de El Chapo"},"content":{"rendered":"<p><a href=\"https:\/\/lamendigapolitica.com\/blog\/blog\/wp-content\/uploads\/2016\/06\/chapo.jpg\" rel=\"attachment wp-att-37851\"><img loading=\"lazy\" decoding=\"async\" class=\"aligncenter size-full wp-image-37851\" src=\"https:\/\/lamendigapolitica.com\/blog\/blog\/wp-content\/uploads\/2016\/06\/chapo.jpg\" alt=\"chapo\" width=\"300\" height=\"168\" \/><\/a><\/p>\n<p>&nbsp;<\/p>\n<p>Al admitir a tr\u00e1mite dos demandas de amparo, un juez federal &#8216;congel\u00f3&#8217; cualquier intento de las autoridades mexicanas para extraditar al l\u00edder del C\u00e1rtel del Pac\u00edfico, Joaqu\u00edn \u2018El Chapo\u2019 Guzm\u00e1n. Dentro de los juicios 561\/2016 y 562\/2016, el Juez Segundo de Distrito de Amparo en Materia Penal en la Ciudad de M\u00e9xico, dict\u00f3 la ma\u00f1ana de este martes la llamada suspensi\u00f3n de plano del acto reclamado.<\/p>\n<p>&nbsp;<\/p>\n<p>Adem\u00e1s el juzgador federal pidi\u00f3 a Guzm\u00e1n Loera manifieste si ratifica o no la demanda promovida a su favor, indicando que de no hacerlo, se proceder\u00e1 a tenerla por no presentada y quedar\u00e1 sin efectos la suspensi\u00f3n concedida. Cabe se\u00f1alar que las suspensiones se mantendr\u00e1n hasta en tanto no se resuelvan los juicios.<\/p>\n<p>&nbsp;<\/p>\n<p>La noche de este lunes, el abogado de &#8216;El Chapo&#8217;, Jos\u00e9 Refugio Rodr\u00edguez, present\u00f3 las dos demandas de amparo en contra de las \u00f3rdenes de extradici\u00f3n solicitadas en contra de su cliente por cortes federales de Estados Unidos.<\/p>\n","protected":false},"excerpt":{"rendered":"<p>&nbsp; Al admitir a tr\u00e1mite dos demandas de amparo, un juez federal &#8216;congel\u00f3&#8217; cualquier intento de las autoridades mexicanas para extraditar al l\u00edder del C\u00e1rtel del Pac\u00edfico, Joaqu\u00edn \u2018El Chapo\u2019 Guzm\u00e1n. Dentro de los juicios 561\/2016 y 562\/2016, el Juez Segundo de Distrito de Amparo en Materia Penal en la Ciudad de M\u00e9xico, dict\u00f3 la &hellip; <\/p>\n<p><a class=\"more-link btn\" href=\"https:\/\/lamendigapolitica.com\/?p=37850\">Seguir leyendo<\/a><\/p>\n","protected":false},"author":1,"featured_media":0,"comment_status":"open","ping_status":"closed","sticky":false,"template":"","format":"standard","meta":{"footnotes":""},"categories":[6,20,5,3,27],"tags":[],"class_list":["post-37850","post","type-post","status-publish","format-standard","hentry","category-congreso","category-gobierno","category-partidos","category-politica","category-seguridad","item-wrap"],"_links":{"self":[{"href":"https:\/\/lamendigapolitica.com\/index.php?rest_route=\/wp\/v2\/posts\/37850","targetHints":{"allow":["GET"]}}],"collection":[{"href":"https:\/\/lamendigapolitica.com\/index.php?rest_route=\/wp\/v2\/posts"}],"about":[{"href":"https:\/\/lamendigapolitica.com\/index.php?rest_route=\/wp\/v2\/types\/post"}],"author":[{"embeddable":true,"href":"https:\/\/lamendigapolitica.com\/index.php?rest_route=\/wp\/v2\/users\/1"}],"replies":[{"embeddable":true,"href":"https:\/\/lamendigapolitica.com\/index.php?rest_route=%2Fwp%2Fv2%2Fcomments&post=37850"}],"version-history":[{"count":1,"href":"https:\/\/lamendigapolitica.com\/index.php?rest_route=\/wp\/v2\/posts\/37850\/revisions"}],"predecessor-version":[{"id":37852,"href":"https:\/\/lamendigapolitica.com\/index.php?rest_route=\/wp\/v2\/posts\/37850\/revisions\/37852"}],"wp:attachment":[{"href":"https:\/\/lamendigapolitica.com\/index.php?rest_route=%2Fwp%2Fv2%2Fmedia&parent=37850"}],"wp:term":[{"taxonomy":"category","embeddable":true,"href":"https:\/\/lamendigapolitica.com\/index.php?rest_route=%2Fwp%2Fv2%2Fcategories&post=37850"},{"taxonomy":"post_tag","embeddable":true,"href":"https:\/\/lamendigapolitica.com\/index.php?rest_route=%2Fwp%2Fv2%2Ftags&post=37850"}],"curies":[{"name":"wp","href":"https:\/\/api.w.org\/{rel}","templated":true}]}}