{"id":37847,"date":"2016-06-28T17:39:37","date_gmt":"2016-06-28T22:39:37","guid":{"rendered":"http:\/\/lamendigapolitica.com\/blog\/?p=37847"},"modified":"2016-06-28T17:39:37","modified_gmt":"2016-06-28T22:39:37","slug":"28-muertos-y-60-heridos-en-atentado-contra-aeropuerto-de-estambul","status":"publish","type":"post","link":"https:\/\/lamendigapolitica.com\/?p=37847","title":{"rendered":"28 muertos y 60 heridos en atentado contra aeropuerto de Estambul"},"content":{"rendered":"<p><a href=\"https:\/\/lamendigapolitica.com\/blog\/blog\/wp-content\/uploads\/2016\/06\/estambul.jpg\" rel=\"attachment wp-att-37848\"><img loading=\"lazy\" decoding=\"async\" class=\"aligncenter  wp-image-37848\" src=\"https:\/\/lamendigapolitica.com\/blog\/blog\/wp-content\/uploads\/2016\/06\/estambul.jpg\" alt=\"estambul\" width=\"345\" height=\"193\" \/><\/a><\/p>\n<p>&nbsp;<\/p>\n<p>El n\u00famero de muertos por el atentado contra el aeropuerto Atat\u00fcrk, el mayor de Estambul, subi\u00f3 a 28, mientras que otras 60 resultaron heridas, inform\u00f3 el gobernador de la ciudad, Vasip Sahin.<\/p>\n<p>&nbsp;<\/p>\n<p>Asimismo, indic\u00f3 que la cifra de fallecidos puede aumentar en las pr\u00f3ximas horas y que el ataque ha sido perpetrado por tres terroristas suicidas. Al menos 10 personas han muerto en un atentado contra el aeropuerto Atat\u00fcrk, el mayor de Estambul, y 40 resultaron heridas, inform\u00f3 hoy el ministro de Justicia de Turqu\u00eda, Bekir Bozdag.<\/p>\n<p>&nbsp;<\/p>\n<p>Seg\u00fan las primeras informaciones de las autoridades turcas, se produjeron dos explosiones y un tiroteo cerca del aparcamiento de la terminal a\u00e9rea, situado en la parte europea de la metr\u00f3polis turca.<\/p>\n<p>&nbsp;<\/p>\n<p>Seg\u00fan el ministro, uno de los terroristas dispar\u00f3 contra los viajeros en la terminal internacional y otro se hizo explotar all\u00ed, mientras que otro suicida m\u00e1s estall\u00f3 su carga explosiva en el aparcamiento.<\/p>\n<p>&nbsp;<\/p>\n","protected":false},"excerpt":{"rendered":"<p>&nbsp; El n\u00famero de muertos por el atentado contra el aeropuerto Atat\u00fcrk, el mayor de Estambul, subi\u00f3 a 28, mientras que otras 60 resultaron heridas, inform\u00f3 el gobernador de la ciudad, Vasip Sahin. &nbsp; Asimismo, indic\u00f3 que la cifra de fallecidos puede aumentar en las pr\u00f3ximas horas y que el ataque ha sido perpetrado por &hellip; <\/p>\n<p><a class=\"more-link btn\" href=\"https:\/\/lamendigapolitica.com\/?p=37847\">Seguir leyendo<\/a><\/p>\n","protected":false},"author":1,"featured_media":0,"comment_status":"open","ping_status":"closed","sticky":false,"template":"","format":"standard","meta":{"footnotes":""},"categories":[20,31,3,21,27],"tags":[],"class_list":["post-37847","post","type-post","status-publish","format-standard","hentry","category-gobierno","category-internacional","category-politica","category-religion","category-seguridad","item-wrap"],"_links":{"self":[{"href":"https:\/\/lamendigapolitica.com\/index.php?rest_route=\/wp\/v2\/posts\/37847","targetHints":{"allow":["GET"]}}],"collection":[{"href":"https:\/\/lamendigapolitica.com\/index.php?rest_route=\/wp\/v2\/posts"}],"about":[{"href":"https:\/\/lamendigapolitica.com\/index.php?rest_route=\/wp\/v2\/types\/post"}],"author":[{"embeddable":true,"href":"https:\/\/lamendigapolitica.com\/index.php?rest_route=\/wp\/v2\/users\/1"}],"replies":[{"embeddable":true,"href":"https:\/\/lamendigapolitica.com\/index.php?rest_route=%2Fwp%2Fv2%2Fcomments&post=37847"}],"version-history":[{"count":1,"href":"https:\/\/lamendigapolitica.com\/index.php?rest_route=\/wp\/v2\/posts\/37847\/revisions"}],"predecessor-version":[{"id":37849,"href":"https:\/\/lamendigapolitica.com\/index.php?rest_route=\/wp\/v2\/posts\/37847\/revisions\/37849"}],"wp:attachment":[{"href":"https:\/\/lamendigapolitica.com\/index.php?rest_route=%2Fwp%2Fv2%2Fmedia&parent=37847"}],"wp:term":[{"taxonomy":"category","embeddable":true,"href":"https:\/\/lamendigapolitica.com\/index.php?rest_route=%2Fwp%2Fv2%2Fcategories&post=37847"},{"taxonomy":"post_tag","embeddable":true,"href":"https:\/\/lamendigapolitica.com\/index.php?rest_route=%2Fwp%2Fv2%2Ftags&post=37847"}],"curies":[{"name":"wp","href":"https:\/\/api.w.org\/{rel}","templated":true}]}}