{"id":37843,"date":"2016-06-28T11:21:36","date_gmt":"2016-06-28T16:21:36","guid":{"rendered":"http:\/\/lamendigapolitica.com\/blog\/?p=37843"},"modified":"2016-06-28T17:26:50","modified_gmt":"2016-06-28T22:26:50","slug":"de-shorts-y-playera-pena-nieto-y-trudeau-inician-jornada","status":"publish","type":"post","link":"https:\/\/lamendigapolitica.com\/?p=37843","title":{"rendered":"De shorts y playera, Pe\u00f1a Nieto y Trudeau inician jornada"},"content":{"rendered":"<p><a href=\"https:\/\/lamendigapolitica.com\/blog\/blog\/wp-content\/uploads\/2016\/06\/corren.jpg\" rel=\"attachment wp-att-37844\"><img loading=\"lazy\" decoding=\"async\" class=\"aligncenter wp-image-37844\" src=\"https:\/\/lamendigapolitica.com\/blog\/blog\/wp-content\/uploads\/2016\/06\/corren.jpg\" alt=\"corren\" width=\"351\" height=\"190\" srcset=\"https:\/\/lamendigapolitica.com\/wp-content\/uploads\/2016\/06\/corren.jpg 305w, https:\/\/lamendigapolitica.com\/wp-content\/uploads\/2016\/06\/corren-300x162.jpg 300w\" sizes=\"auto, (max-width: 351px) 100vw, 351px\" \/><\/a><\/p>\n<p>&nbsp;<\/p>\n<p>Vestidos con shorts y playera en su segundo d\u00eda de la visita oficial del presidente de M\u00e9xico, Enrique Pe\u00f1a Nieto, a Canad\u00e1 y el \u00a0Primer Ministro Justin Trudeau, comenzaron este martes su encuentro,\u00a0 ambos mandatarios corrieron en el puente Alexandra Bridge, sobre el r\u00edo Ottawa, que une las provincias de Ontario y Quebec.<\/p>\n<p>&nbsp;<\/p>\n<p>Con una ma\u00f1ana \u00a0no tan soleada, Trudeau, con short y playera negras, y Pe\u00f1a Nieto, con short negro y playera verde, trotaron por el puente cerca del cl\u00e1sico hotel Chateau Laurier. Al cruzar el puente siguieron su recorrido por Gatineau, Quebec, acompa\u00f1ados por una decena de guardias de seguridad.<\/p>\n<p>&nbsp;<\/p>\n<p>El mandatario mexicano pasar\u00e1 este d\u00eda en la capital canadiense, Ottawa, donde ser\u00e1 recibido por el primer ministro Trudeau en el Parlamento Federal, donde sostendr\u00e1 un encuentro privado. Al mediod\u00eda, Trudeau y Pe\u00f1a dar\u00e1n una rueda de prensa. Posteriormente ambos mandatarios responder\u00e1n preguntas de estudiantes en el Canadian Museum of Nature.<\/p>\n<p>&nbsp;<\/p>\n<p>La primera visita de Estado de Pe\u00f1a Nieto a Canad\u00e1 concluir\u00e1 con una cena de Estado en la residencia Rideau Hall del gobernador general David Johnston, a la que se espera un centenar de invitados de ambos pa\u00edses, que esta semana iniciaron una nueva era en la relaci\u00f3n bilateral.<\/p>\n","protected":false},"excerpt":{"rendered":"<p>&nbsp; Vestidos con shorts y playera en su segundo d\u00eda de la visita oficial del presidente de M\u00e9xico, Enrique Pe\u00f1a Nieto, a Canad\u00e1 y el \u00a0Primer Ministro Justin Trudeau, comenzaron este martes su encuentro,\u00a0 ambos mandatarios corrieron en el puente Alexandra Bridge, sobre el r\u00edo Ottawa, que une las provincias de Ontario y Quebec. &nbsp; &hellip; <\/p>\n<p><a class=\"more-link btn\" href=\"https:\/\/lamendigapolitica.com\/?p=37843\">Seguir leyendo<\/a><\/p>\n","protected":false},"author":1,"featured_media":0,"comment_status":"open","ping_status":"closed","sticky":false,"template":"","format":"standard","meta":{"footnotes":""},"categories":[6,30,20,31,5,22],"tags":[],"class_list":["post-37843","post","type-post","status-publish","format-standard","hentry","category-congreso","category-economia","category-gobierno","category-internacional","category-partidos","category-sociales","item-wrap"],"_links":{"self":[{"href":"https:\/\/lamendigapolitica.com\/index.php?rest_route=\/wp\/v2\/posts\/37843","targetHints":{"allow":["GET"]}}],"collection":[{"href":"https:\/\/lamendigapolitica.com\/index.php?rest_route=\/wp\/v2\/posts"}],"about":[{"href":"https:\/\/lamendigapolitica.com\/index.php?rest_route=\/wp\/v2\/types\/post"}],"author":[{"embeddable":true,"href":"https:\/\/lamendigapolitica.com\/index.php?rest_route=\/wp\/v2\/users\/1"}],"replies":[{"embeddable":true,"href":"https:\/\/lamendigapolitica.com\/index.php?rest_route=%2Fwp%2Fv2%2Fcomments&post=37843"}],"version-history":[{"count":2,"href":"https:\/\/lamendigapolitica.com\/index.php?rest_route=\/wp\/v2\/posts\/37843\/revisions"}],"predecessor-version":[{"id":37846,"href":"https:\/\/lamendigapolitica.com\/index.php?rest_route=\/wp\/v2\/posts\/37843\/revisions\/37846"}],"wp:attachment":[{"href":"https:\/\/lamendigapolitica.com\/index.php?rest_route=%2Fwp%2Fv2%2Fmedia&parent=37843"}],"wp:term":[{"taxonomy":"category","embeddable":true,"href":"https:\/\/lamendigapolitica.com\/index.php?rest_route=%2Fwp%2Fv2%2Fcategories&post=37843"},{"taxonomy":"post_tag","embeddable":true,"href":"https:\/\/lamendigapolitica.com\/index.php?rest_route=%2Fwp%2Fv2%2Ftags&post=37843"}],"curies":[{"name":"wp","href":"https:\/\/api.w.org\/{rel}","templated":true}]}}