{"id":37836,"date":"2016-06-28T10:48:08","date_gmt":"2016-06-28T15:48:08","guid":{"rendered":"http:\/\/lamendigapolitica.com\/blog\/?p=37836"},"modified":"2016-06-28T10:49:08","modified_gmt":"2016-06-28T15:49:08","slug":"mexicanos-en-toronto-y-le-gritan-asesino-a-pena-nieto","status":"publish","type":"post","link":"https:\/\/lamendigapolitica.com\/?p=37836","title":{"rendered":"Mexicanos en Toronto y le gritan \u201casesino\u201d a Pe\u00f1a  Nieto"},"content":{"rendered":"<p><a href=\"https:\/\/lamendigapolitica.com\/blog\/blog\/wp-content\/uploads\/2016\/06\/pea-1.jpg\" rel=\"attachment wp-att-37837\"><img loading=\"lazy\" decoding=\"async\" class=\"aligncenter wp-image-37837\" src=\"https:\/\/lamendigapolitica.com\/blog\/blog\/wp-content\/uploads\/2016\/06\/pea-1.jpg\" alt=\"pe;a\" width=\"403\" height=\"209\" \/><\/a><\/p>\n<p>&nbsp;<\/p>\n<p>Un grupo de mexicanos que radica en la ciudad de Toronto, Canad\u00e1, recibi\u00f3 con una protesta al Presidente, Enrique Pe\u00f1a Nieto, durante la recepci\u00f3n ofrecida por el Primer Ministro, Justin Trudeau, con motivo de la primer visita de Estado que realiza el mandatario en suelo canadiense,informa SinEmbargo.<\/p>\n<p>&nbsp;<\/p>\n<p>En una serie de videos que circulan en redes sociales se observa c\u00f3mo los mexicanos que se agruparon frente al Museo Casa Loma, gritaron al un\u00edsono \u201casesino\u201d en cuanto el mandatario mexicano y la comitiva que lo acompa\u00f1aba arribaron al lugar. \u201cAsesino, asesino\u201d, gritaban los manifestantes. Pe\u00f1a Nieto que se encontraba acompa\u00f1ado de la Secretaria de Relaciones Exteriores, Claudia Ruiz Massieu, mantuvo una breve charla con uno de los representantes del gobierno canadiense, despu\u00e9s salud\u00f3 al Primer Ministro e ingres\u00f3 r\u00e1pidamente al recinto mientras los gritos en su contra se volv\u00edan m\u00e1s fuertes.<\/p>\n<p>&nbsp;<\/p>\n<p>Cabe recordar que en septiembre de 2015 el colectivo Somos los Otros se uni\u00f3 a las manifestaciones por la desaparici\u00f3n de los 43 normalistas de Iguala, Guerrero, y dio la \u201cmalvenida\u201d al Presidente en su visita a Nueva York, EU, donde particip\u00f3 en la sesi\u00f3n 70 de la Organizaci\u00f3n de las Naciones Unidas (ONU). Adem\u00e1s, el pasado mes de abril alrededor de 30 personas protestaron en Alemania en contra de la visita que realiz\u00f3 Pe\u00f1a Nieto a ese pa\u00eds previo a la inauguraci\u00f3n de la muestra que ofrec\u00eda el museo Martin Gropius Bau, bajo el t\u00edtulo \u201cLos mayas. El lenguaje de la belleza\u201d.<\/p>\n<p>&nbsp;<\/p>\n<p>En redes sociales se difundieron varios videos e im\u00e1genes de la manifestaci\u00f3n realizada a las afueras del museo alem\u00e1n, donde un grupo de personas coloc\u00f3 en una acera 43 pares de zapatos en memoria de los normalistas de Ayotzinapa desaparecidos en septiembre de 2014. Justo al arribo de la comitiva en la que se transportaba el Presidente Pe\u00f1a Nieto al museo Martin Gropius Bau, los manifestantes tambi\u00e9n gritaron al un\u00edsono \u201casesino\u201d, seg\u00fan consta en un video difundido en Instagram. El d\u00eda de ayer, el Presidente Enrique Pe\u00f1a Nieto inici\u00f3 su primera visita de Estado en Canad\u00e1 la cual tiene como objetivo principal relanzar las relaciones bilaterales entre ambos pa\u00edses tras casi una d\u00e9cada de distanciamiento.<\/p>\n","protected":false},"excerpt":{"rendered":"<p>&nbsp; Un grupo de mexicanos que radica en la ciudad de Toronto, Canad\u00e1, recibi\u00f3 con una protesta al Presidente, Enrique Pe\u00f1a Nieto, durante la recepci\u00f3n ofrecida por el Primer Ministro, Justin Trudeau, con motivo de la primer visita de Estado que realiza el mandatario en suelo canadiense,informa SinEmbargo. &nbsp; En una serie de videos que &hellip; <\/p>\n<p><a class=\"more-link btn\" href=\"https:\/\/lamendigapolitica.com\/?p=37836\">Seguir leyendo<\/a><\/p>\n","protected":false},"author":1,"featured_media":0,"comment_status":"open","ping_status":"closed","sticky":false,"template":"","format":"standard","meta":{"footnotes":""},"categories":[6,20,31,5,3],"tags":[],"class_list":["post-37836","post","type-post","status-publish","format-standard","hentry","category-congreso","category-gobierno","category-internacional","category-partidos","category-politica","item-wrap"],"_links":{"self":[{"href":"https:\/\/lamendigapolitica.com\/index.php?rest_route=\/wp\/v2\/posts\/37836","targetHints":{"allow":["GET"]}}],"collection":[{"href":"https:\/\/lamendigapolitica.com\/index.php?rest_route=\/wp\/v2\/posts"}],"about":[{"href":"https:\/\/lamendigapolitica.com\/index.php?rest_route=\/wp\/v2\/types\/post"}],"author":[{"embeddable":true,"href":"https:\/\/lamendigapolitica.com\/index.php?rest_route=\/wp\/v2\/users\/1"}],"replies":[{"embeddable":true,"href":"https:\/\/lamendigapolitica.com\/index.php?rest_route=%2Fwp%2Fv2%2Fcomments&post=37836"}],"version-history":[{"count":2,"href":"https:\/\/lamendigapolitica.com\/index.php?rest_route=\/wp\/v2\/posts\/37836\/revisions"}],"predecessor-version":[{"id":37839,"href":"https:\/\/lamendigapolitica.com\/index.php?rest_route=\/wp\/v2\/posts\/37836\/revisions\/37839"}],"wp:attachment":[{"href":"https:\/\/lamendigapolitica.com\/index.php?rest_route=%2Fwp%2Fv2%2Fmedia&parent=37836"}],"wp:term":[{"taxonomy":"category","embeddable":true,"href":"https:\/\/lamendigapolitica.com\/index.php?rest_route=%2Fwp%2Fv2%2Fcategories&post=37836"},{"taxonomy":"post_tag","embeddable":true,"href":"https:\/\/lamendigapolitica.com\/index.php?rest_route=%2Fwp%2Fv2%2Ftags&post=37836"}],"curies":[{"name":"wp","href":"https:\/\/api.w.org\/{rel}","templated":true}]}}