{"id":37827,"date":"2016-06-28T10:08:39","date_gmt":"2016-06-28T15:08:39","guid":{"rendered":"http:\/\/lamendigapolitica.com\/blog\/?p=37827"},"modified":"2016-06-28T10:08:39","modified_gmt":"2016-06-28T15:08:39","slug":"obama-critica-histeria-despues-del-brexit","status":"publish","type":"post","link":"https:\/\/lamendigapolitica.com\/?p=37827","title":{"rendered":"Obama critica histeria despu\u00e9s del brexit"},"content":{"rendered":"<p><a href=\"https:\/\/lamendigapolitica.com\/blog\/blog\/wp-content\/uploads\/2016\/06\/obama-2.jpg\" rel=\"attachment wp-att-37828\"><img loading=\"lazy\" decoding=\"async\" class=\"aligncenter size-full wp-image-37828\" src=\"https:\/\/lamendigapolitica.com\/blog\/blog\/wp-content\/uploads\/2016\/06\/obama-2.jpg\" alt=\"obama\" width=\"318\" height=\"159\" \/><\/a><\/p>\n<p>&nbsp;<\/p>\n<p>El presidente estadunidense, Barack Obama, aunque reconoci\u00f3 que se hubiera presentado \u00a0\u201cun poco de histeria\u201d tras el refer\u00e9ndum brit\u00e1nico en el que se decidi\u00f3 la salida del Reino Unido de la Uni\u00f3n Europea (UE), hecho conocido como \u201cbrexit\u201d, advierte que no habr\u00e1 grandes consecuencias<\/p>\n<p>&nbsp;<\/p>\n<p>\u201cNo lo exagerar\u00eda. Ha habido un poco de histeria tras el voto del \u2018brexit\u2019, como si de alg\u00fan modo la OTAN haya acabado, la alianza transatl\u00e1ntica se est\u00e9 disolviendo y todos los pa\u00edses se est\u00e1n retirado a su propia esquina. Eso no est\u00e1 sucediendo\u201c, afirm\u00f3 Obama en una entrevista en la radio p\u00fablica estadunidense NPR. El mandatario sostuvo que \u201cla mejor manera de pensar sobre lo sucedido es que se ha pulsado un bot\u00f3n de pausa en el proyecto de una integraci\u00f3n europea completa\u201d.<\/p>\n<p>&nbsp;<\/p>\n<p>Esta es la segunda vez que Obama se refiere a la salida del Reino Unido del bloque europeo. El pasado viernes afirm\u00f3 que la decisi\u00f3n de los brit\u00e1nicos refleja \u201clos actuales cambios y desaf\u00edos planteados por la globalizaci\u00f3n\u201d.<\/p>\n<p>&nbsp;<\/p>\n<p>Obama, quien dejar\u00e1 la Casa Blanca a comienzos de 2017, se\u00f1al\u00f3 que \u201ces un momento para que Europa diga: \u2018Tomemos un respiro y veamos c\u00f3mo mantenemos algo de nuestras identidades nacionales, c\u00f3mo preservamos los beneficios de la integraci\u00f3n y c\u00f3mo gestionamos algunas de las frustraciones que nuestros votantes est\u00e1n sintiendo&#8217;.<\/p>\n","protected":false},"excerpt":{"rendered":"<p>&nbsp; El presidente estadunidense, Barack Obama, aunque reconoci\u00f3 que se hubiera presentado \u00a0\u201cun poco de histeria\u201d tras el refer\u00e9ndum brit\u00e1nico en el que se decidi\u00f3 la salida del Reino Unido de la Uni\u00f3n Europea (UE), hecho conocido como \u201cbrexit\u201d, advierte que no habr\u00e1 grandes consecuencias &nbsp; \u201cNo lo exagerar\u00eda. Ha habido un poco de histeria &hellip; <\/p>\n<p><a class=\"more-link btn\" href=\"https:\/\/lamendigapolitica.com\/?p=37827\">Seguir leyendo<\/a><\/p>\n","protected":false},"author":1,"featured_media":0,"comment_status":"open","ping_status":"closed","sticky":false,"template":"","format":"standard","meta":{"footnotes":""},"categories":[6,30,20,31,5,3],"tags":[],"class_list":["post-37827","post","type-post","status-publish","format-standard","hentry","category-congreso","category-economia","category-gobierno","category-internacional","category-partidos","category-politica","item-wrap"],"_links":{"self":[{"href":"https:\/\/lamendigapolitica.com\/index.php?rest_route=\/wp\/v2\/posts\/37827","targetHints":{"allow":["GET"]}}],"collection":[{"href":"https:\/\/lamendigapolitica.com\/index.php?rest_route=\/wp\/v2\/posts"}],"about":[{"href":"https:\/\/lamendigapolitica.com\/index.php?rest_route=\/wp\/v2\/types\/post"}],"author":[{"embeddable":true,"href":"https:\/\/lamendigapolitica.com\/index.php?rest_route=\/wp\/v2\/users\/1"}],"replies":[{"embeddable":true,"href":"https:\/\/lamendigapolitica.com\/index.php?rest_route=%2Fwp%2Fv2%2Fcomments&post=37827"}],"version-history":[{"count":1,"href":"https:\/\/lamendigapolitica.com\/index.php?rest_route=\/wp\/v2\/posts\/37827\/revisions"}],"predecessor-version":[{"id":37829,"href":"https:\/\/lamendigapolitica.com\/index.php?rest_route=\/wp\/v2\/posts\/37827\/revisions\/37829"}],"wp:attachment":[{"href":"https:\/\/lamendigapolitica.com\/index.php?rest_route=%2Fwp%2Fv2%2Fmedia&parent=37827"}],"wp:term":[{"taxonomy":"category","embeddable":true,"href":"https:\/\/lamendigapolitica.com\/index.php?rest_route=%2Fwp%2Fv2%2Fcategories&post=37827"},{"taxonomy":"post_tag","embeddable":true,"href":"https:\/\/lamendigapolitica.com\/index.php?rest_route=%2Fwp%2Fv2%2Ftags&post=37827"}],"curies":[{"name":"wp","href":"https:\/\/api.w.org\/{rel}","templated":true}]}}