{"id":37817,"date":"2016-06-27T16:39:55","date_gmt":"2016-06-27T21:39:55","guid":{"rendered":"http:\/\/lamendigapolitica.com\/blog\/?p=37817"},"modified":"2016-06-27T16:39:55","modified_gmt":"2016-06-27T21:39:55","slug":"programas-sociales-y-l3-seguiran-su-marcha-aristoteles","status":"publish","type":"post","link":"https:\/\/lamendigapolitica.com\/?p=37817","title":{"rendered":"Programas sociales y L3 seguir\u00e1n su marcha: Arist\u00f3teles"},"content":{"rendered":"<p><a href=\"https:\/\/lamendigapolitica.com\/blog\/blog\/wp-content\/uploads\/2016\/06\/Aris.jpg\" rel=\"attachment wp-att-37818\"><img loading=\"lazy\" decoding=\"async\" class=\"aligncenter  wp-image-37818\" src=\"https:\/\/lamendigapolitica.com\/blog\/blog\/wp-content\/uploads\/2016\/06\/Aris.jpg\" alt=\"Aris\" width=\"319\" height=\"214\" \/><\/a><\/p>\n<p>&nbsp;<\/p>\n<p>Pese al recorte presupuestal al gasto p\u00fablico anunciado la semana pasada por el Gobierno Federal, para hacer frente a las consecuencias econ\u00f3micas de la salida de Gran Breta\u00f1a de la Uni\u00f3n Europea los programas sociales en Jalisco y la construcci\u00f3n de la L\u00ednea 3 del Tren El\u00e9ctrico Urbano, seguir\u00e1n su marcha, anunci\u00f3 el Gobernador del Estado, Arist\u00f3teles Sandoval.<\/p>\n<p>&nbsp;<\/p>\n<p>Durante la firma para el Fortalecimiento de la Sanidad y Bioseguridad en Avicultura e Infraestructura de Deshidratado, indic\u00f3 que el proyecto toral m\u00e1s importante en Jalisco, la construcci\u00f3n de la L\u00ednea 3 del Tren El\u00e9ctrico Urbano se mantendr\u00e1 sin impactos negativos ante este recorte anunciado.\u00a0 Al sector agropecuario, presente en el evento, manifest\u00f3 que \u201crespecto al acuerdo tambi\u00e9n que tenemos con Liconsa, seguiremos en la gesti\u00f3n del lado de nuestros productores, habremos de ir tocar puertas, este es una tema que ya se hab\u00eda acordado\u201d.<\/p>\n<p>&nbsp;<\/p>\n<p>Arist\u00f3teles Sandoval destac\u00f3 el cumplimiento que se les est\u00e1 dando a los acuerdos establecidos con este sector, como lo es hoy la firma de la carta compromiso para otorgar los apoyos por parte de SAGARPA en beneficio de la Uni\u00f3n Ganadera Regional de Jalisco y Alimentos Deshidratados de Jalisco S.A. de C.V., para la conclusi\u00f3n de la deshidratadora de Lagos de Moreno por ocho millones de pesos.<\/p>\n","protected":false},"excerpt":{"rendered":"<p>&nbsp; Pese al recorte presupuestal al gasto p\u00fablico anunciado la semana pasada por el Gobierno Federal, para hacer frente a las consecuencias econ\u00f3micas de la salida de Gran Breta\u00f1a de la Uni\u00f3n Europea los programas sociales en Jalisco y la construcci\u00f3n de la L\u00ednea 3 del Tren El\u00e9ctrico Urbano, seguir\u00e1n su marcha, anunci\u00f3 el Gobernador &hellip; <\/p>\n<p><a class=\"more-link btn\" href=\"https:\/\/lamendigapolitica.com\/?p=37817\">Seguir leyendo<\/a><\/p>\n","protected":false},"author":1,"featured_media":0,"comment_status":"open","ping_status":"closed","sticky":false,"template":"","format":"standard","meta":{"footnotes":""},"categories":[6,30,20,5,3],"tags":[],"class_list":["post-37817","post","type-post","status-publish","format-standard","hentry","category-congreso","category-economia","category-gobierno","category-partidos","category-politica","item-wrap"],"_links":{"self":[{"href":"https:\/\/lamendigapolitica.com\/index.php?rest_route=\/wp\/v2\/posts\/37817","targetHints":{"allow":["GET"]}}],"collection":[{"href":"https:\/\/lamendigapolitica.com\/index.php?rest_route=\/wp\/v2\/posts"}],"about":[{"href":"https:\/\/lamendigapolitica.com\/index.php?rest_route=\/wp\/v2\/types\/post"}],"author":[{"embeddable":true,"href":"https:\/\/lamendigapolitica.com\/index.php?rest_route=\/wp\/v2\/users\/1"}],"replies":[{"embeddable":true,"href":"https:\/\/lamendigapolitica.com\/index.php?rest_route=%2Fwp%2Fv2%2Fcomments&post=37817"}],"version-history":[{"count":1,"href":"https:\/\/lamendigapolitica.com\/index.php?rest_route=\/wp\/v2\/posts\/37817\/revisions"}],"predecessor-version":[{"id":37819,"href":"https:\/\/lamendigapolitica.com\/index.php?rest_route=\/wp\/v2\/posts\/37817\/revisions\/37819"}],"wp:attachment":[{"href":"https:\/\/lamendigapolitica.com\/index.php?rest_route=%2Fwp%2Fv2%2Fmedia&parent=37817"}],"wp:term":[{"taxonomy":"category","embeddable":true,"href":"https:\/\/lamendigapolitica.com\/index.php?rest_route=%2Fwp%2Fv2%2Fcategories&post=37817"},{"taxonomy":"post_tag","embeddable":true,"href":"https:\/\/lamendigapolitica.com\/index.php?rest_route=%2Fwp%2Fv2%2Ftags&post=37817"}],"curies":[{"name":"wp","href":"https:\/\/api.w.org\/{rel}","templated":true}]}}