{"id":37805,"date":"2016-06-27T12:04:44","date_gmt":"2016-06-27T17:04:44","guid":{"rendered":"http:\/\/lamendigapolitica.com\/blog\/?p=37805"},"modified":"2016-06-27T12:04:44","modified_gmt":"2016-06-27T17:04:44","slug":"yunes-pide-a-pena-nieto-intervenir-en-veracruz","status":"publish","type":"post","link":"https:\/\/lamendigapolitica.com\/?p=37805","title":{"rendered":"Yunes pide a Pe\u00f1a Nieto intervenir en Veracruz"},"content":{"rendered":"<p><a href=\"https:\/\/lamendigapolitica.com\/blog\/blog\/wp-content\/uploads\/2016\/06\/DuARTE.jpg\" rel=\"attachment wp-att-37806\"><img loading=\"lazy\" decoding=\"async\" class=\"aligncenter  wp-image-37806\" src=\"https:\/\/lamendigapolitica.com\/blog\/blog\/wp-content\/uploads\/2016\/06\/DuARTE.jpg\" alt=\"DuARTE\" width=\"340\" height=\"226\" \/><\/a><\/p>\n<p>&nbsp;<\/p>\n<p>El gobernador electo en Veracruz, Miguel \u00c1ngel Yunes Linares, pidi\u00f3 al presidente Enrique Pe\u00f1a Nieto intervenga en el gobierno de ese estado para evitar que su antecesor, el gobernador Javier Duarte \u201ctermine de destruir de la entidad\u201d. \u201cPresidente Pe\u00f1a Nieto, \u00a1urge su intervenci\u00f3n en Veracruz! Los ciudadanos no vamos a permitir que Javier Duarte termine de destruir Veracruz antes de entregar el Gobierno\u201d.<\/p>\n<p>&nbsp;<\/p>\n<p>En un desplegado, el panista indic\u00f3 que las decisiones que ha tomado el actual gobernador los \u00faltimos d\u00edas \u201cagravan a\u00fan m\u00e1s la terrible situaci\u00f3n que se vive en el estado y el riesgo de un grave conflicto social es inminente\u201d. En el texto Yunes Linares asegura que en Veracruz se pretende destruir las finanzas p\u00fablicas y provocar una crisis social y financiera a\u00fan m\u00e1s severa. En entrevista con Ciro G\u00f3mez Leyva en Radio F\u00f3rmula, Yunes asegur\u00f3 que mientras Veracruz enfrenta \u201cla m\u00e1s terrible\u201d ola de violencia, desempleo y quiebra en las finanzas p\u00fablicas, Duarte se ocupa s\u00f3lo de \u201cblindar su salida\u201d y terminar de destruir las finanzas del estado.<\/p>\n<p>&nbsp;<\/p>\n<p>\u201cMe pregunto si Pe\u00f1a Nieto pueden permanecer inm\u00f3vil ante la situaci\u00f3n que se vive en Veracruz\u201d, se\u00f1al\u00f3 Yunes y precis\u00f3 \u201cDuarte est\u00e1 dejando una bomba financiera y preparando todo para que le cubran las espaldas\u201d. Aqu\u00ed los dos paquetes de se\u00f1alamientos que hacer el gobernador electo Miguel \u00c1ngel Yunes Linares sobre lo que su antecesor busca aprobar.<\/p>\n","protected":false},"excerpt":{"rendered":"<p>&nbsp; El gobernador electo en Veracruz, Miguel \u00c1ngel Yunes Linares, pidi\u00f3 al presidente Enrique Pe\u00f1a Nieto intervenga en el gobierno de ese estado para evitar que su antecesor, el gobernador Javier Duarte \u201ctermine de destruir de la entidad\u201d. \u201cPresidente Pe\u00f1a Nieto, \u00a1urge su intervenci\u00f3n en Veracruz! Los ciudadanos no vamos a permitir que Javier Duarte &hellip; <\/p>\n<p><a class=\"more-link btn\" href=\"https:\/\/lamendigapolitica.com\/?p=37805\">Seguir leyendo<\/a><\/p>\n","protected":false},"author":1,"featured_media":0,"comment_status":"open","ping_status":"closed","sticky":false,"template":"","format":"standard","meta":{"footnotes":""},"categories":[6,20,5,3],"tags":[],"class_list":["post-37805","post","type-post","status-publish","format-standard","hentry","category-congreso","category-gobierno","category-partidos","category-politica","item-wrap"],"_links":{"self":[{"href":"https:\/\/lamendigapolitica.com\/index.php?rest_route=\/wp\/v2\/posts\/37805","targetHints":{"allow":["GET"]}}],"collection":[{"href":"https:\/\/lamendigapolitica.com\/index.php?rest_route=\/wp\/v2\/posts"}],"about":[{"href":"https:\/\/lamendigapolitica.com\/index.php?rest_route=\/wp\/v2\/types\/post"}],"author":[{"embeddable":true,"href":"https:\/\/lamendigapolitica.com\/index.php?rest_route=\/wp\/v2\/users\/1"}],"replies":[{"embeddable":true,"href":"https:\/\/lamendigapolitica.com\/index.php?rest_route=%2Fwp%2Fv2%2Fcomments&post=37805"}],"version-history":[{"count":1,"href":"https:\/\/lamendigapolitica.com\/index.php?rest_route=\/wp\/v2\/posts\/37805\/revisions"}],"predecessor-version":[{"id":37807,"href":"https:\/\/lamendigapolitica.com\/index.php?rest_route=\/wp\/v2\/posts\/37805\/revisions\/37807"}],"wp:attachment":[{"href":"https:\/\/lamendigapolitica.com\/index.php?rest_route=%2Fwp%2Fv2%2Fmedia&parent=37805"}],"wp:term":[{"taxonomy":"category","embeddable":true,"href":"https:\/\/lamendigapolitica.com\/index.php?rest_route=%2Fwp%2Fv2%2Fcategories&post=37805"},{"taxonomy":"post_tag","embeddable":true,"href":"https:\/\/lamendigapolitica.com\/index.php?rest_route=%2Fwp%2Fv2%2Ftags&post=37805"}],"curies":[{"name":"wp","href":"https:\/\/api.w.org\/{rel}","templated":true}]}}