{"id":37802,"date":"2016-06-27T11:32:31","date_gmt":"2016-06-27T16:32:31","guid":{"rendered":"http:\/\/lamendigapolitica.com\/blog\/?p=37802"},"modified":"2016-06-27T11:32:31","modified_gmt":"2016-06-27T16:32:31","slug":"el-peso-sufre-por-el-brexit-el-dolar-se-situa-en-19-45-pesos","status":"publish","type":"post","link":"https:\/\/lamendigapolitica.com\/?p=37802","title":{"rendered":"El peso sufre por el Brexit: el d\u00f3lar se sit\u00faa en 19.45 pesos"},"content":{"rendered":"<p><a href=\"https:\/\/lamendigapolitica.com\/blog\/blog\/wp-content\/uploads\/2016\/06\/peso.jpg\" rel=\"attachment wp-att-37803\"><img loading=\"lazy\" decoding=\"async\" class=\"aligncenter  wp-image-37803\" src=\"https:\/\/lamendigapolitica.com\/blog\/blog\/wp-content\/uploads\/2016\/06\/peso.jpg\" alt=\"peso\" width=\"352\" height=\"231\" \/><\/a><\/p>\n<p>&nbsp;<\/p>\n<p>En el arranque de la semana la moneda mexicana se deprecia al extenderse la aversi\u00f3n de inversionistas a los activos considerados riesgosos, que inici\u00f3 el pasado vienes despu\u00e9s de que Reino Unido decidi\u00f3 en un hist\u00f3rico referendo abandonar la Uni\u00f3n Europea. Este lunes el d\u00f3lar se vende hasta en 19.45 pesos en ventanillas de Banamex, 20 centavos m\u00e1s que al cierre del viernes. Mientras que en su cotizaci\u00f3n spot se intercambia en 18.93 unidades, lo que implica para el peso una depreciaci\u00f3n de 0.10 por ciento, con base en datos de Bloomberg.<\/p>\n<p>&nbsp;<\/p>\n<p>El 11 de febrero el d\u00f3lar alcanz\u00f3 su m\u00e1ximo hist\u00f3rico al venderse hasta en 19.50 pesos, hoy est\u00e1 a cinco centavos de registrar otra vez esa cifra. En la sesi\u00f3n se observa una inclinaci\u00f3n a la venta de monedas de naciones emergentes, comportamiento que contribuye a arrastrar a la baja a la moneda mexicana. En el otro extremo se encuentra la libra, al reportar una ca\u00edda 3.73 por ciento, situaci\u00f3n que hunde a un m\u00ednimo no visto en m\u00e1s de 30 a\u00f1os.<\/p>\n<p>&nbsp;<\/p>\n<p>En M\u00e9xico, se reporta que el saldo de la balanza comercial con el exterior fue de 527.4 millones de d\u00f3lares en mayo, menor a los 2 mil 155 millones esperados de acuerdo a una encuesta levantada por Bloomberg, mientras que las exportaciones totales de mercanc\u00edas descendieron 2.27 por ciento, luego de un aumento de 2.66 por ciento en abril, de acuerdo con cifras del Instituto Nacional de Estad\u00edstica y Geograf\u00eda (Inegi).<\/p>\n<p>&nbsp;<\/p>\n<p>La creciente brecha comercial de M\u00e9xico con el exterior tiende a limitar el potencial de apreciaci\u00f3n del peso. El Gobierno de M\u00e9xico anunci\u00f3 el viernes un nuevo recorte al gasto p\u00fablico por 31 mil 715 millones de pesos, como una medida emergente para enfrentar la volatilidad que ha provocado en los mercados la decisi\u00f3n de Reino Unido de abandonar la Uni\u00f3n Europea.<\/p>\n","protected":false},"excerpt":{"rendered":"<p>&nbsp; En el arranque de la semana la moneda mexicana se deprecia al extenderse la aversi\u00f3n de inversionistas a los activos considerados riesgosos, que inici\u00f3 el pasado vienes despu\u00e9s de que Reino Unido decidi\u00f3 en un hist\u00f3rico referendo abandonar la Uni\u00f3n Europea. Este lunes el d\u00f3lar se vende hasta en 19.45 pesos en ventanillas de &hellip; <\/p>\n<p><a class=\"more-link btn\" href=\"https:\/\/lamendigapolitica.com\/?p=37802\">Seguir leyendo<\/a><\/p>\n","protected":false},"author":1,"featured_media":0,"comment_status":"open","ping_status":"closed","sticky":false,"template":"","format":"standard","meta":{"footnotes":""},"categories":[6,30,20,31,5,3],"tags":[],"class_list":["post-37802","post","type-post","status-publish","format-standard","hentry","category-congreso","category-economia","category-gobierno","category-internacional","category-partidos","category-politica","item-wrap"],"_links":{"self":[{"href":"https:\/\/lamendigapolitica.com\/index.php?rest_route=\/wp\/v2\/posts\/37802","targetHints":{"allow":["GET"]}}],"collection":[{"href":"https:\/\/lamendigapolitica.com\/index.php?rest_route=\/wp\/v2\/posts"}],"about":[{"href":"https:\/\/lamendigapolitica.com\/index.php?rest_route=\/wp\/v2\/types\/post"}],"author":[{"embeddable":true,"href":"https:\/\/lamendigapolitica.com\/index.php?rest_route=\/wp\/v2\/users\/1"}],"replies":[{"embeddable":true,"href":"https:\/\/lamendigapolitica.com\/index.php?rest_route=%2Fwp%2Fv2%2Fcomments&post=37802"}],"version-history":[{"count":1,"href":"https:\/\/lamendigapolitica.com\/index.php?rest_route=\/wp\/v2\/posts\/37802\/revisions"}],"predecessor-version":[{"id":37804,"href":"https:\/\/lamendigapolitica.com\/index.php?rest_route=\/wp\/v2\/posts\/37802\/revisions\/37804"}],"wp:attachment":[{"href":"https:\/\/lamendigapolitica.com\/index.php?rest_route=%2Fwp%2Fv2%2Fmedia&parent=37802"}],"wp:term":[{"taxonomy":"category","embeddable":true,"href":"https:\/\/lamendigapolitica.com\/index.php?rest_route=%2Fwp%2Fv2%2Fcategories&post=37802"},{"taxonomy":"post_tag","embeddable":true,"href":"https:\/\/lamendigapolitica.com\/index.php?rest_route=%2Fwp%2Fv2%2Ftags&post=37802"}],"curies":[{"name":"wp","href":"https:\/\/api.w.org\/{rel}","templated":true}]}}