{"id":37773,"date":"2016-06-26T11:14:33","date_gmt":"2016-06-26T16:14:33","guid":{"rendered":"http:\/\/lamendigapolitica.com\/blog\/?p=37773"},"modified":"2016-06-26T11:14:42","modified_gmt":"2016-06-26T16:14:42","slug":"abren-hoy-las-nuevas-esclusas-del-canal-de-panama","status":"publish","type":"post","link":"https:\/\/lamendigapolitica.com\/?p=37773","title":{"rendered":"Abren hoy las nuevas esclusas del Canal de Panam\u00e1"},"content":{"rendered":"<p><a href=\"https:\/\/lamendigapolitica.com\/blog\/blog\/wp-content\/uploads\/2016\/06\/panam\u00e1.jpg\" rel=\"attachment wp-att-37774\"><img loading=\"lazy\" decoding=\"async\" class=\"aligncenter size-full wp-image-37774\" src=\"https:\/\/lamendigapolitica.com\/blog\/blog\/wp-content\/uploads\/2016\/06\/panam\u00e1.jpg\" alt=\"panam\u00e1\" width=\"326\" height=\"155\" \/><\/a><\/p>\n<p>&nbsp;<\/p>\n<p>Un siglo despu\u00e9s de que Estados Unidos abri\u00f3 el canal interoce\u00e1nico para acortar distancias al comercio mar\u00edtimo mundial, Panam\u00e1 hac\u00eda los \u00faltimos preparativos ayer para poner en marcha la mayor apuesta de su historia, con la inauguraci\u00f3n de la v\u00eda ampliada, una obra ambiciosa y llena de desaf\u00edos. La apertura tendr\u00e1 lugar hoy, despu\u00e9s de un retraso de casi dos a\u00f1os en la construcci\u00f3n de las nuevas esclusas por parte de los contratistas europeos. Su protagonista principal ser\u00e1 el tr\u00e1nsito de un portacontenedores chino que ya est\u00e1 en el Atl\u00e1ntico.<\/p>\n<p>&nbsp;<\/p>\n<p>De un costo inicial de cinco mil 250 millones de d\u00f3lares, la obra debi\u00f3 estar terminada en octubre de 2014, pero la construcci\u00f3n de las nuevas esclusas sufri\u00f3 retrasos debido a demoras por el uso del concreto para esas estructuras, conflictos laborales, filtraciones y una huelga de los contratistas por reclamos de supuestos sobrecostos por m\u00e1s de tres mil millones de d\u00f3lares.<\/p>\n<p>&nbsp;<\/p>\n<p>Pero las autoridades del canal y el gobierno dejaron de lado las dificultades y montaron una campa\u00f1a para ensalzar la finalizaci\u00f3n de los trabajos, adem\u00e1s de organizar actos multitudinarios para festejar el tr\u00e1nsito inaugural.<\/p>\n","protected":false},"excerpt":{"rendered":"<p>&nbsp; Un siglo despu\u00e9s de que Estados Unidos abri\u00f3 el canal interoce\u00e1nico para acortar distancias al comercio mar\u00edtimo mundial, Panam\u00e1 hac\u00eda los \u00faltimos preparativos ayer para poner en marcha la mayor apuesta de su historia, con la inauguraci\u00f3n de la v\u00eda ampliada, una obra ambiciosa y llena de desaf\u00edos. La apertura tendr\u00e1 lugar hoy, despu\u00e9s &hellip; <\/p>\n<p><a class=\"more-link btn\" href=\"https:\/\/lamendigapolitica.com\/?p=37773\">Seguir leyendo<\/a><\/p>\n","protected":false},"author":1,"featured_media":0,"comment_status":"open","ping_status":"closed","sticky":false,"template":"","format":"standard","meta":{"footnotes":""},"categories":[30,20,31,5,3],"tags":[],"class_list":["post-37773","post","type-post","status-publish","format-standard","hentry","category-economia","category-gobierno","category-internacional","category-partidos","category-politica","item-wrap"],"_links":{"self":[{"href":"https:\/\/lamendigapolitica.com\/index.php?rest_route=\/wp\/v2\/posts\/37773","targetHints":{"allow":["GET"]}}],"collection":[{"href":"https:\/\/lamendigapolitica.com\/index.php?rest_route=\/wp\/v2\/posts"}],"about":[{"href":"https:\/\/lamendigapolitica.com\/index.php?rest_route=\/wp\/v2\/types\/post"}],"author":[{"embeddable":true,"href":"https:\/\/lamendigapolitica.com\/index.php?rest_route=\/wp\/v2\/users\/1"}],"replies":[{"embeddable":true,"href":"https:\/\/lamendigapolitica.com\/index.php?rest_route=%2Fwp%2Fv2%2Fcomments&post=37773"}],"version-history":[{"count":1,"href":"https:\/\/lamendigapolitica.com\/index.php?rest_route=\/wp\/v2\/posts\/37773\/revisions"}],"predecessor-version":[{"id":37775,"href":"https:\/\/lamendigapolitica.com\/index.php?rest_route=\/wp\/v2\/posts\/37773\/revisions\/37775"}],"wp:attachment":[{"href":"https:\/\/lamendigapolitica.com\/index.php?rest_route=%2Fwp%2Fv2%2Fmedia&parent=37773"}],"wp:term":[{"taxonomy":"category","embeddable":true,"href":"https:\/\/lamendigapolitica.com\/index.php?rest_route=%2Fwp%2Fv2%2Fcategories&post=37773"},{"taxonomy":"post_tag","embeddable":true,"href":"https:\/\/lamendigapolitica.com\/index.php?rest_route=%2Fwp%2Fv2%2Ftags&post=37773"}],"curies":[{"name":"wp","href":"https:\/\/api.w.org\/{rel}","templated":true}]}}