{"id":37764,"date":"2016-06-26T11:09:53","date_gmt":"2016-06-26T16:09:53","guid":{"rendered":"http:\/\/lamendigapolitica.com\/blog\/?p=37764"},"modified":"2016-06-26T11:09:53","modified_gmt":"2016-06-26T16:09:53","slug":"corte-preve-declarar-discriminatorio-negar-derecho-al-aborto","status":"publish","type":"post","link":"https:\/\/lamendigapolitica.com\/?p=37764","title":{"rendered":"Corte prev\u00e9 declarar discriminatorio negar derecho al aborto"},"content":{"rendered":"<p><a href=\"https:\/\/lamendigapolitica.com\/blog\/blog\/wp-content\/uploads\/2016\/06\/SCJN.jpg\" rel=\"attachment wp-att-37765\"><img loading=\"lazy\" decoding=\"async\" class=\"aligncenter size-full wp-image-37765\" src=\"https:\/\/lamendigapolitica.com\/blog\/blog\/wp-content\/uploads\/2016\/06\/SCJN.jpg\" alt=\"SCJN\" width=\"300\" height=\"168\" \/><\/a><\/p>\n<p>&nbsp;<\/p>\n<p>La Primera Sala de la Suprema Corte de Justicia de la Naci\u00f3n (SCJN) prev\u00e9 declarar discriminatorios los art\u00edculos 333 y 334 del C\u00f3digo Penal Federal (CPF), por considerar que criminalizan a las mujeres al negarles el derecho al aborto legal cuando su salud corre peligro, informa hoy 24 HORAS.<\/p>\n<p>&nbsp;<\/p>\n<p>El pr\u00f3ximo mi\u00e9rcoles 29 de junio, la ministra Norma Luc\u00eda Pi\u00f1a Hern\u00e1ndez y los ministros Alfredo Guti\u00e9rrez Ortiz Mena, Jos\u00e9 Ram\u00f3n Coss\u00edo D\u00edaz, Jorge Mario Pardo Rebolledo y Arturo Zald\u00edvar Lelo de Larrea discutir\u00e1n el amparo en revisi\u00f3n n\u00famero 1388\/2015, relacionado a las causales para el aborto legal. El amparo lo present\u00f3 Margarita P., una mujer de 41 a\u00f1os de edad y derechohabiente del Instituto de Seguridad y Servicios Sociales de los Trabajadores del Estado (ISSSTE), a quien el Centro M\u00e9dico Nacional 20 de Noviembre le neg\u00f3 la interrupci\u00f3n de su embarazo, a pesar de que le pod\u00eda causar complicaciones diab\u00e9ticas e hipertensivas, que pod\u00edan derivar en su muerte.<\/p>\n<p>&nbsp;<\/p>\n<p>Seg\u00fan el proyecto p\u00fablico de resoluci\u00f3n del ministro Zald\u00edvar Lelo de Larrea, consultado por Cimacnoticias, el 24 de septiembre de 2013 Margarita P. se enter\u00f3 de que estaba embarazada. Los m\u00e9dicos del ISSSTE le informaron que su gestaci\u00f3n era considerada de alto riesgo pues, meses antes, se hab\u00eda sometido a un bypass g\u00e1strico (cirug\u00eda para el tratamiento de la obesidad m\u00f3rbida), ten\u00eda una edad avanzada, y presentaba un problema de sobrepeso. Ante el riesgo a su salud, la mujer solicit\u00f3 a los m\u00e9dicos que interrumpieran su embarazo, pero ante las negativas, el 6 de noviembre de 2013 hizo una solicitud por escrito anexando la opini\u00f3n t\u00e9cnica de un especialista en Ginecolog\u00eda y Obstetricia.<\/p>\n<p>&nbsp;<\/p>\n<p>Seg\u00fan la opini\u00f3n del experto, el embarazo y posterior alumbramiento le podr\u00edan causar diabetes, tromboembolismo y preeclampsia (hipertensi\u00f3n arterial), adem\u00e1s del riesgo de sufrir malnutrici\u00f3n y la obstrucci\u00f3n del intestino delgado por hernia interna. Aun as\u00ed, el 7 de noviembre de 2013 el ISSSTE respondi\u00f3 a la solicitud negando el aborto con el argumento de que el producto del embarazo podr\u00eda ser autosuficiente, pese a padecer S\u00edndrome de Klinefelte (que no le permitir\u00eda desarrollar genitales). Es decir, las autoridades del hospital tomaron en cuenta el estado del feto y no consideraron la salud de la mujer.<\/p>\n<p>&nbsp;<\/p>\n<p>Al ver los obst\u00e1culos, Margarita P. decidi\u00f3 interrumpir la gestaci\u00f3n en una cl\u00ednica privada de esta ciudad, ya que en la capital del pa\u00eds desde 2007 el aborto est\u00e1 despenalizado hasta las 12 semanas de gestaci\u00f3n. La mujer consider\u00f3 que la negativa fue discriminatoria y que afect\u00f3 su salud y libre desarrollo de la personalidad, por lo que en diciembre de 2013, con asesor\u00eda del Grupo de Informaci\u00f3n en Reproducci\u00f3n Elegida (GIRE), decidi\u00f3 interponer un amparo.<\/p>\n<p>&nbsp;<\/p>\n<p>Despu\u00e9s de que el amparo fue negado por un Juez de Distrito, Margarita P. pidi\u00f3 la atracci\u00f3n de la SCJN y en 2015 la Primera Sala conoci\u00f3 del caso, que originalmente ser\u00eda analizado por la ministra en retiro Olga S\u00e1nchez Cordero. Tras su salida, el recurso se turn\u00f3 al ministro Arturo Zald\u00edvar Lelo de Larrea. Seg\u00fan el proyecto p\u00fablico de resoluci\u00f3n del ministro, las disposiciones legislativas que impiden el acceso de las mujeres a la interrupci\u00f3n del embarazo constituyen discriminaci\u00f3n basada en el g\u00e9nero.<\/p>\n","protected":false},"excerpt":{"rendered":"<p>&nbsp; La Primera Sala de la Suprema Corte de Justicia de la Naci\u00f3n (SCJN) prev\u00e9 declarar discriminatorios los art\u00edculos 333 y 334 del C\u00f3digo Penal Federal (CPF), por considerar que criminalizan a las mujeres al negarles el derecho al aborto legal cuando su salud corre peligro, informa hoy 24 HORAS. &nbsp; El pr\u00f3ximo mi\u00e9rcoles 29 &hellip; <\/p>\n<p><a class=\"more-link btn\" href=\"https:\/\/lamendigapolitica.com\/?p=37764\">Seguir leyendo<\/a><\/p>\n","protected":false},"author":1,"featured_media":0,"comment_status":"open","ping_status":"closed","sticky":false,"template":"","format":"standard","meta":{"footnotes":""},"categories":[6,20,5,3,29,27],"tags":[],"class_list":["post-37764","post","type-post","status-publish","format-standard","hentry","category-congreso","category-gobierno","category-partidos","category-politica","category-salud","category-seguridad","item-wrap"],"_links":{"self":[{"href":"https:\/\/lamendigapolitica.com\/index.php?rest_route=\/wp\/v2\/posts\/37764","targetHints":{"allow":["GET"]}}],"collection":[{"href":"https:\/\/lamendigapolitica.com\/index.php?rest_route=\/wp\/v2\/posts"}],"about":[{"href":"https:\/\/lamendigapolitica.com\/index.php?rest_route=\/wp\/v2\/types\/post"}],"author":[{"embeddable":true,"href":"https:\/\/lamendigapolitica.com\/index.php?rest_route=\/wp\/v2\/users\/1"}],"replies":[{"embeddable":true,"href":"https:\/\/lamendigapolitica.com\/index.php?rest_route=%2Fwp%2Fv2%2Fcomments&post=37764"}],"version-history":[{"count":1,"href":"https:\/\/lamendigapolitica.com\/index.php?rest_route=\/wp\/v2\/posts\/37764\/revisions"}],"predecessor-version":[{"id":37766,"href":"https:\/\/lamendigapolitica.com\/index.php?rest_route=\/wp\/v2\/posts\/37764\/revisions\/37766"}],"wp:attachment":[{"href":"https:\/\/lamendigapolitica.com\/index.php?rest_route=%2Fwp%2Fv2%2Fmedia&parent=37764"}],"wp:term":[{"taxonomy":"category","embeddable":true,"href":"https:\/\/lamendigapolitica.com\/index.php?rest_route=%2Fwp%2Fv2%2Fcategories&post=37764"},{"taxonomy":"post_tag","embeddable":true,"href":"https:\/\/lamendigapolitica.com\/index.php?rest_route=%2Fwp%2Fv2%2Ftags&post=37764"}],"curies":[{"name":"wp","href":"https:\/\/api.w.org\/{rel}","templated":true}]}}