{"id":37761,"date":"2016-06-26T11:08:25","date_gmt":"2016-06-26T16:08:25","guid":{"rendered":"http:\/\/lamendigapolitica.com\/blog\/?p=37761"},"modified":"2016-06-26T11:08:25","modified_gmt":"2016-06-26T16:08:25","slug":"reabren-carreteras-en-oaxaca-y-chiapas","status":"publish","type":"post","link":"https:\/\/lamendigapolitica.com\/?p=37761","title":{"rendered":"Reabren carreteras en Oaxaca y Chiapas"},"content":{"rendered":"<p><a href=\"https:\/\/lamendigapolitica.com\/blog\/blog\/wp-content\/uploads\/2016\/06\/carretreras.jpg\" rel=\"attachment wp-att-37762\"><img loading=\"lazy\" decoding=\"async\" class=\"aligncenter size-full wp-image-37762\" src=\"https:\/\/lamendigapolitica.com\/blog\/blog\/wp-content\/uploads\/2016\/06\/carretreras.jpg\" alt=\"carretreras\" width=\"289\" height=\"174\" \/><\/a><\/p>\n<p>&nbsp;<\/p>\n<p>Luego de la firma de una minuta de trabajo, maestros, padres de familia y autoridades estatales, liberaron la carretera internacional que comunica a M\u00e9xico con Centroam\u00e9rica, luego de cuatro d\u00edas de bloqueo indefinido, el secretario general de Gobierno, Juan Carlos G\u00f3mez Aranda, inform\u00f3 que despu\u00e9s de firmar una minuta de acuerdos en el municipio de Huehuet\u00e1n, se levant\u00f3 el \u00faltimo bloqueo que persist\u00eda en las regiones Costa y Soconusco de la entidad, por lo que se ha restablecido la comunicaci\u00f3n en esta importante v\u00eda.<\/p>\n<p>&nbsp;<\/p>\n<p>Al respecto, el responsable de la pol\u00edtica interna del estado explic\u00f3 que luego de que una comisi\u00f3n de funcionarios del Gobierno del estado y municipal dialogara con integrantes del magisterio y padres de familia en este municipio, se acord\u00f3 levantar el bloqueo, por lo que de inmediato se retiraron escombros y barricadas que se encontraban sobre la carretera. Detall\u00f3 que se reinici\u00f3 el tr\u00e1nsito vehicular en la Costa de Chiapas y al mismo tiempo continuar\u00e1n los trabajos de limpieza de materiales, por lo que en pr\u00f3ximos momentos se normalizar\u00e1 la circulaci\u00f3n.<\/p>\n<p>&nbsp;<\/p>\n<p>Finalmente, el Secretario General de Gobierno reiter\u00f3 la importancia de privilegiar el di\u00e1logo como la mejor herramienta para resolver las diferencias entre los chiapanecos, como lo ha reiterado el gobernador Manuel Velasco Coello, para alcanzar acuerdos en beneficio de las familias chiapanecas.<\/p>\n","protected":false},"excerpt":{"rendered":"<p>&nbsp; Luego de la firma de una minuta de trabajo, maestros, padres de familia y autoridades estatales, liberaron la carretera internacional que comunica a M\u00e9xico con Centroam\u00e9rica, luego de cuatro d\u00edas de bloqueo indefinido, el secretario general de Gobierno, Juan Carlos G\u00f3mez Aranda, inform\u00f3 que despu\u00e9s de firmar una minuta de acuerdos en el municipio &hellip; <\/p>\n<p><a class=\"more-link btn\" href=\"https:\/\/lamendigapolitica.com\/?p=37761\">Seguir leyendo<\/a><\/p>\n","protected":false},"author":1,"featured_media":0,"comment_status":"open","ping_status":"closed","sticky":false,"template":"","format":"standard","meta":{"footnotes":""},"categories":[6,20,5,3,27],"tags":[],"class_list":["post-37761","post","type-post","status-publish","format-standard","hentry","category-congreso","category-gobierno","category-partidos","category-politica","category-seguridad","item-wrap"],"_links":{"self":[{"href":"https:\/\/lamendigapolitica.com\/index.php?rest_route=\/wp\/v2\/posts\/37761","targetHints":{"allow":["GET"]}}],"collection":[{"href":"https:\/\/lamendigapolitica.com\/index.php?rest_route=\/wp\/v2\/posts"}],"about":[{"href":"https:\/\/lamendigapolitica.com\/index.php?rest_route=\/wp\/v2\/types\/post"}],"author":[{"embeddable":true,"href":"https:\/\/lamendigapolitica.com\/index.php?rest_route=\/wp\/v2\/users\/1"}],"replies":[{"embeddable":true,"href":"https:\/\/lamendigapolitica.com\/index.php?rest_route=%2Fwp%2Fv2%2Fcomments&post=37761"}],"version-history":[{"count":1,"href":"https:\/\/lamendigapolitica.com\/index.php?rest_route=\/wp\/v2\/posts\/37761\/revisions"}],"predecessor-version":[{"id":37763,"href":"https:\/\/lamendigapolitica.com\/index.php?rest_route=\/wp\/v2\/posts\/37761\/revisions\/37763"}],"wp:attachment":[{"href":"https:\/\/lamendigapolitica.com\/index.php?rest_route=%2Fwp%2Fv2%2Fmedia&parent=37761"}],"wp:term":[{"taxonomy":"category","embeddable":true,"href":"https:\/\/lamendigapolitica.com\/index.php?rest_route=%2Fwp%2Fv2%2Fcategories&post=37761"},{"taxonomy":"post_tag","embeddable":true,"href":"https:\/\/lamendigapolitica.com\/index.php?rest_route=%2Fwp%2Fv2%2Ftags&post=37761"}],"curies":[{"name":"wp","href":"https:\/\/api.w.org\/{rel}","templated":true}]}}