{"id":37757,"date":"2016-06-25T19:51:45","date_gmt":"2016-06-26T00:51:45","guid":{"rendered":"http:\/\/lamendigapolitica.com\/blog\/?p=37757"},"modified":"2016-06-25T19:51:45","modified_gmt":"2016-06-26T00:51:45","slug":"britanicos-piden-segundo-referendo","status":"publish","type":"post","link":"https:\/\/lamendigapolitica.com\/?p=37757","title":{"rendered":"Brit\u00e1nicos piden segundo referendo"},"content":{"rendered":"<p><a href=\"https:\/\/lamendigapolitica.com\/blog\/blog\/wp-content\/uploads\/2016\/06\/Brexit.jpg\" rel=\"attachment wp-att-37758\"><img loading=\"lazy\" decoding=\"async\" class=\"aligncenter size-full wp-image-37758\" src=\"https:\/\/lamendigapolitica.com\/blog\/blog\/wp-content\/uploads\/2016\/06\/Brexit.jpg\" alt=\"Brexit\" width=\"295\" height=\"171\" \/><\/a><\/p>\n<p>&nbsp;<\/p>\n<p>Una petici\u00f3n ciudadana ante el Parlamento brit\u00e1nico para que el Reino Unido celebre otro refer\u00e9ndum sobre la permanencia en la Uni\u00f3n Europea (UE) super\u00f3 hoy los 1.5 millones de firmas.<\/p>\n<p>&nbsp;<\/p>\n<p>La petici\u00f3n, que cuenta ya con un mill\u00f3n 553 mil 163 apoyos, colaps\u00f3 ayer la p\u00e1gina web de la C\u00e1mara de los Comunes, debido al alto n\u00famero de personas que entraron para adherirse a la propuesta. El texto, impulsado por un ciudadano que se identific\u00f3 como William Oliver Healey, pide a los diputados la \u00abimplementaci\u00f3n de una norma por la cual, si el voto por salir o quedarse (en la UE) est\u00e1 por debajo del 60 %, con una participaci\u00f3n inferior al 75 %, deber\u00eda convocarse otro refer\u00e9ndum\u00bb.<\/p>\n<p>&nbsp;<\/p>\n<p>Un mensaje en la p\u00e1gina web oficial se\u00f1ala que el Parlamento considerar\u00e1 ahora esta petici\u00f3n para su debate, lo que se compromete a hacer con todas las iniciativas ciudadanas que re\u00fanan m\u00e1s de 100 mil firmas. La comisi\u00f3n de peticiones se re\u00fane el pr\u00f3ximo martes, cuando podr\u00eda decidir si aprueba celebrar un debate sobre el asunto.<\/p>\n<p>&nbsp;<\/p>\n<p>El 51.9 % de los votantes brit\u00e1nicos escogi\u00f3 el jueves romper los lazos entre el Reino Unido y el bloque comunitario, frente a un 48.1 por ciento que prefer\u00eda mantenerse en la UE, en una consulta en la que se alcanz\u00f3 el 72.1 % de participaci\u00f3n. Ese escenario precipit\u00f3 el anuncio de dimisi\u00f3n del primer ministro brit\u00e1nico, el conservador David Cameron, y llev\u00f3 a los l\u00edderes de la Uni\u00f3n Europea a pedir al Reino Unido que inicie el proceso de su retirada del bloque comunitario \u00abcuanto antes\u00bb.<\/p>\n","protected":false},"excerpt":{"rendered":"<p>&nbsp; Una petici\u00f3n ciudadana ante el Parlamento brit\u00e1nico para que el Reino Unido celebre otro refer\u00e9ndum sobre la permanencia en la Uni\u00f3n Europea (UE) super\u00f3 hoy los 1.5 millones de firmas. &nbsp; La petici\u00f3n, que cuenta ya con un mill\u00f3n 553 mil 163 apoyos, colaps\u00f3 ayer la p\u00e1gina web de la C\u00e1mara de los Comunes, &hellip; <\/p>\n<p><a class=\"more-link btn\" href=\"https:\/\/lamendigapolitica.com\/?p=37757\">Seguir leyendo<\/a><\/p>\n","protected":false},"author":1,"featured_media":0,"comment_status":"open","ping_status":"closed","sticky":false,"template":"","format":"standard","meta":{"footnotes":""},"categories":[6,30,20,31,5,3],"tags":[],"class_list":["post-37757","post","type-post","status-publish","format-standard","hentry","category-congreso","category-economia","category-gobierno","category-internacional","category-partidos","category-politica","item-wrap"],"_links":{"self":[{"href":"https:\/\/lamendigapolitica.com\/index.php?rest_route=\/wp\/v2\/posts\/37757","targetHints":{"allow":["GET"]}}],"collection":[{"href":"https:\/\/lamendigapolitica.com\/index.php?rest_route=\/wp\/v2\/posts"}],"about":[{"href":"https:\/\/lamendigapolitica.com\/index.php?rest_route=\/wp\/v2\/types\/post"}],"author":[{"embeddable":true,"href":"https:\/\/lamendigapolitica.com\/index.php?rest_route=\/wp\/v2\/users\/1"}],"replies":[{"embeddable":true,"href":"https:\/\/lamendigapolitica.com\/index.php?rest_route=%2Fwp%2Fv2%2Fcomments&post=37757"}],"version-history":[{"count":1,"href":"https:\/\/lamendigapolitica.com\/index.php?rest_route=\/wp\/v2\/posts\/37757\/revisions"}],"predecessor-version":[{"id":37759,"href":"https:\/\/lamendigapolitica.com\/index.php?rest_route=\/wp\/v2\/posts\/37757\/revisions\/37759"}],"wp:attachment":[{"href":"https:\/\/lamendigapolitica.com\/index.php?rest_route=%2Fwp%2Fv2%2Fmedia&parent=37757"}],"wp:term":[{"taxonomy":"category","embeddable":true,"href":"https:\/\/lamendigapolitica.com\/index.php?rest_route=%2Fwp%2Fv2%2Fcategories&post=37757"},{"taxonomy":"post_tag","embeddable":true,"href":"https:\/\/lamendigapolitica.com\/index.php?rest_route=%2Fwp%2Fv2%2Ftags&post=37757"}],"curies":[{"name":"wp","href":"https:\/\/api.w.org\/{rel}","templated":true}]}}