{"id":37751,"date":"2016-06-25T19:47:50","date_gmt":"2016-06-26T00:47:50","guid":{"rendered":"http:\/\/lamendigapolitica.com\/blog\/?p=37751"},"modified":"2016-06-25T19:47:50","modified_gmt":"2016-06-26T00:47:50","slug":"pri-listo-para-elecciones-de-2017-cesar-camacho","status":"publish","type":"post","link":"https:\/\/lamendigapolitica.com\/?p=37751","title":{"rendered":"PRI, listo para elecciones de 2017: C\u00e9sar Camacho"},"content":{"rendered":"<p><a href=\"https:\/\/lamendigapolitica.com\/blog\/blog\/wp-content\/uploads\/2016\/06\/Cesar-Camacho.jpg\" rel=\"attachment wp-att-37752\"><img loading=\"lazy\" decoding=\"async\" class=\"aligncenter size-full wp-image-37752\" src=\"https:\/\/lamendigapolitica.com\/blog\/blog\/wp-content\/uploads\/2016\/06\/Cesar-Camacho.jpg\" alt=\"Cesar Camacho\" width=\"283\" height=\"178\" \/><\/a><\/p>\n<p>&nbsp;<\/p>\n<p>El coordinador de la fracci\u00f3n parlamentaria del Revolucionario Institucional en el Palacio Legislativo de San L\u00e1zaro, C\u00e9sar Camacho Quiroz, se\u00f1al\u00f3 que su partido est\u00e1 listo para enfrentar los procesos electorales del a\u00f1o pr\u00f3ximo en el Estado de M\u00e9xico, Coahuila y Nayarit; y \u201cest\u00e1 a la altura de las dificultades, con mayor o menor fortuna\u201d, apunt\u00f3 que una de las expresiones del priismo corresponde a su bancada en la C\u00e1mara de Diputados y aqu\u00ed \u201cestamos listos para hacer nuestra aportaci\u00f3n. La primera de ellas es hacer bien las cosas, para darle motivo de orgullo a los militantes\u201d.<\/p>\n<p>Record\u00f3 que estatutariamente \u00e9l est\u00e1 impedido para dirigir al PRI nacional, porque quien ocupe ese cargo \u201cpor m\u00e1s de 18 meses no puede ser nuevamente designado\u201d en el mismo \u201cy yo estuve 33 meses y fui un priista muy entregado a mis quehaceres, independientemente de los resultados\u201d. Interrogado sobre el proceso electoral del 2018, explic\u00f3 que est\u00e1 \u201cmuy distante\u201d y \u201cquien sabe qu\u00e9 ocurra y a quien postulen\u201d.<\/p>\n<p>&nbsp;<\/p>\n<p>Afirm\u00f3 que su partido no puede quedarse anclado ni aturdido y debe nombrar a un dirigente nacional que lo consolide y vaya por la preferencia de los ciudadanos sin filiaci\u00f3n partidaria. \u201cEl tiempo apremia\u201d. Expres\u00f3 su confianza en que no tarde mucho la designaci\u00f3n del nuevo dirigente nacional del PRI, quien deber\u00e1 enfrentar el reto de \u201cconsolidar a nuestra organizaci\u00f3n, sectorial y territorialmente, e ir por los ciudadanos sin filiaci\u00f3n partidaria\u201d.<\/p>\n<p>&nbsp;<\/p>\n<p>Asever\u00f3 que \u00e9stos son lo m\u00e1s y est\u00e1n en espera de planteamientos inteligentes y con compromiso social y que el PRI necesita un dirigente \u201ccuyo prestigio conozcamos todos los priistas\u201d y que a su vez conozca las entra\u00f1as de un instituto que \u201ctiene enormes retos\u201d.<\/p>\n","protected":false},"excerpt":{"rendered":"<p>&nbsp; El coordinador de la fracci\u00f3n parlamentaria del Revolucionario Institucional en el Palacio Legislativo de San L\u00e1zaro, C\u00e9sar Camacho Quiroz, se\u00f1al\u00f3 que su partido est\u00e1 listo para enfrentar los procesos electorales del a\u00f1o pr\u00f3ximo en el Estado de M\u00e9xico, Coahuila y Nayarit; y \u201cest\u00e1 a la altura de las dificultades, con mayor o menor fortuna\u201d, &hellip; <\/p>\n<p><a class=\"more-link btn\" href=\"https:\/\/lamendigapolitica.com\/?p=37751\">Seguir leyendo<\/a><\/p>\n","protected":false},"author":1,"featured_media":0,"comment_status":"open","ping_status":"closed","sticky":false,"template":"","format":"standard","meta":{"footnotes":""},"categories":[6,20,5,3],"tags":[],"class_list":["post-37751","post","type-post","status-publish","format-standard","hentry","category-congreso","category-gobierno","category-partidos","category-politica","item-wrap"],"_links":{"self":[{"href":"https:\/\/lamendigapolitica.com\/index.php?rest_route=\/wp\/v2\/posts\/37751","targetHints":{"allow":["GET"]}}],"collection":[{"href":"https:\/\/lamendigapolitica.com\/index.php?rest_route=\/wp\/v2\/posts"}],"about":[{"href":"https:\/\/lamendigapolitica.com\/index.php?rest_route=\/wp\/v2\/types\/post"}],"author":[{"embeddable":true,"href":"https:\/\/lamendigapolitica.com\/index.php?rest_route=\/wp\/v2\/users\/1"}],"replies":[{"embeddable":true,"href":"https:\/\/lamendigapolitica.com\/index.php?rest_route=%2Fwp%2Fv2%2Fcomments&post=37751"}],"version-history":[{"count":1,"href":"https:\/\/lamendigapolitica.com\/index.php?rest_route=\/wp\/v2\/posts\/37751\/revisions"}],"predecessor-version":[{"id":37753,"href":"https:\/\/lamendigapolitica.com\/index.php?rest_route=\/wp\/v2\/posts\/37751\/revisions\/37753"}],"wp:attachment":[{"href":"https:\/\/lamendigapolitica.com\/index.php?rest_route=%2Fwp%2Fv2%2Fmedia&parent=37751"}],"wp:term":[{"taxonomy":"category","embeddable":true,"href":"https:\/\/lamendigapolitica.com\/index.php?rest_route=%2Fwp%2Fv2%2Fcategories&post=37751"},{"taxonomy":"post_tag","embeddable":true,"href":"https:\/\/lamendigapolitica.com\/index.php?rest_route=%2Fwp%2Fv2%2Ftags&post=37751"}],"curies":[{"name":"wp","href":"https:\/\/api.w.org\/{rel}","templated":true}]}}