{"id":37747,"date":"2016-06-25T19:46:29","date_gmt":"2016-06-26T00:46:29","guid":{"rendered":"http:\/\/lamendigapolitica.com\/blog\/?p=37747"},"modified":"2016-06-25T19:46:29","modified_gmt":"2016-06-26T00:46:29","slug":"marcha-del-orgullo-lgbttti-en-el-zocalo-capitalino","status":"publish","type":"post","link":"https:\/\/lamendigapolitica.com\/?p=37747","title":{"rendered":"Marcha del orgullo LGBTTTI en el Z\u00f3calo cap\u00edtalino"},"content":{"rendered":"<p><a href=\"https:\/\/lamendigapolitica.com\/blog\/blog\/wp-content\/uploads\/2016\/06\/marcha-gay.jpg\" rel=\"attachment wp-att-37748\"><img loading=\"lazy\" decoding=\"async\" class=\"aligncenter size-full wp-image-37748\" src=\"https:\/\/lamendigapolitica.com\/blog\/blog\/wp-content\/uploads\/2016\/06\/marcha-gay.jpg\" alt=\"marcha gay\" width=\"300\" height=\"168\" \/><\/a><\/p>\n<p>&nbsp;<\/p>\n<p>Al inicio de la movilizaci\u00f3n, en un templete en el \u00c1ngel de la Independencia, la directora del Consejo para Prevenir y Eliminar la Discriminaci\u00f3n de la Ciudad de M\u00e9xico (Copred), Jaqueline L\u2019Hoist Tapia, extern\u00f3 que la sociedad tiene una deuda con ese colectivo. Asimismo, dijo que se est\u00e1 rompiendo el paradigma de que las familias s\u00f3lo son heterosexuales; \u201cla familia es diversa, cabemos todas y todos\u201d, asever\u00f3.<\/p>\n<p>&nbsp;<\/p>\n<p>Por su parte la directora del Consejo Nacional para Prevenir la Discriminaci\u00f3n (Conapred), Alexandra Haas Paciuc, refrend\u00f3 el llamado de ese organismo a la poblaci\u00f3n para rechazar la discriminaci\u00f3n y a que se respeten los derechos de todas las personas y Ana de Alejandro Garc\u00eda y Sandra L\u00f3pez, representantes de la Red de Madres Lesbianas, destacaron la necesidad que impulsar reformas para dar certeza jur\u00eddica a los hijos y a las hijas de esos matrimonios.<\/p>\n<p>&nbsp;<\/p>\n<p>Tras los discursos las familias se subieron a dos turibuses de la ciudad de M\u00e9xico e iniciaron la marcha hacia la plancha de Z\u00f3calo. Un segundo contingente se form\u00f3 encabezado por funcionarios y activistas. Empresas privadas tambi\u00e9n tuvieron contingentes. En los grupos participaron adem\u00e1s ingleses y canadienses que viven en M\u00e9xico, y travestis, as\u00ed como simpatizantes de la diversidad sexual.<\/p>\n<p>&nbsp;<\/p>\n<p>En el carril derecho de Paseo de la Reforma rumbo al Z\u00f3calo, a la altura del Senado de la Rep\u00fablica, un contingente de mujeres encapuchadas y algunos hombres del colectivo \u201cdisidencia sexogen\u00e9rica feminista\u201d se plant\u00f3 en sentido contrario para leer un manifiesto contra la violencia y los asesinatos contra la comunidad l\u00e9sbico-gay, mientras otros buscaban otra ruta para continuar. Los turibuses que llevaban a los funcionarios se desviaron, continuaron por el carril izquierdo de Reforma y retomaron el derecho en la Glorieta de Col\u00f3n para llegar a Plaza de la Constituci\u00f3n donde se celebrar\u00e1n conciertos, entre otras actividades, seg\u00fan inform\u00f3 hoy Excelsior.<\/p>\n","protected":false},"excerpt":{"rendered":"<p>&nbsp; Al inicio de la movilizaci\u00f3n, en un templete en el \u00c1ngel de la Independencia, la directora del Consejo para Prevenir y Eliminar la Discriminaci\u00f3n de la Ciudad de M\u00e9xico (Copred), Jaqueline L\u2019Hoist Tapia, extern\u00f3 que la sociedad tiene una deuda con ese colectivo. Asimismo, dijo que se est\u00e1 rompiendo el paradigma de que las &hellip; <\/p>\n<p><a class=\"more-link btn\" href=\"https:\/\/lamendigapolitica.com\/?p=37747\">Seguir leyendo<\/a><\/p>\n","protected":false},"author":1,"featured_media":0,"comment_status":"open","ping_status":"closed","sticky":false,"template":"","format":"standard","meta":{"footnotes":""},"categories":[6,20,5,3,22],"tags":[],"class_list":["post-37747","post","type-post","status-publish","format-standard","hentry","category-congreso","category-gobierno","category-partidos","category-politica","category-sociales","item-wrap"],"_links":{"self":[{"href":"https:\/\/lamendigapolitica.com\/index.php?rest_route=\/wp\/v2\/posts\/37747","targetHints":{"allow":["GET"]}}],"collection":[{"href":"https:\/\/lamendigapolitica.com\/index.php?rest_route=\/wp\/v2\/posts"}],"about":[{"href":"https:\/\/lamendigapolitica.com\/index.php?rest_route=\/wp\/v2\/types\/post"}],"author":[{"embeddable":true,"href":"https:\/\/lamendigapolitica.com\/index.php?rest_route=\/wp\/v2\/users\/1"}],"replies":[{"embeddable":true,"href":"https:\/\/lamendigapolitica.com\/index.php?rest_route=%2Fwp%2Fv2%2Fcomments&post=37747"}],"version-history":[{"count":1,"href":"https:\/\/lamendigapolitica.com\/index.php?rest_route=\/wp\/v2\/posts\/37747\/revisions"}],"predecessor-version":[{"id":37749,"href":"https:\/\/lamendigapolitica.com\/index.php?rest_route=\/wp\/v2\/posts\/37747\/revisions\/37749"}],"wp:attachment":[{"href":"https:\/\/lamendigapolitica.com\/index.php?rest_route=%2Fwp%2Fv2%2Fmedia&parent=37747"}],"wp:term":[{"taxonomy":"category","embeddable":true,"href":"https:\/\/lamendigapolitica.com\/index.php?rest_route=%2Fwp%2Fv2%2Fcategories&post=37747"},{"taxonomy":"post_tag","embeddable":true,"href":"https:\/\/lamendigapolitica.com\/index.php?rest_route=%2Fwp%2Fv2%2Ftags&post=37747"}],"curies":[{"name":"wp","href":"https:\/\/api.w.org\/{rel}","templated":true}]}}