{"id":37744,"date":"2016-06-25T19:44:56","date_gmt":"2016-06-26T00:44:56","guid":{"rendered":"http:\/\/lamendigapolitica.com\/blog\/?p=37744"},"modified":"2016-06-25T19:44:56","modified_gmt":"2016-06-26T00:44:56","slug":"lopez-obrador-se-tiene-que-aliar-con-el-prd","status":"publish","type":"post","link":"https:\/\/lamendigapolitica.com\/?p=37744","title":{"rendered":"L\u00f3pez Obrador se tiene que aliar con el PRD"},"content":{"rendered":"<p><a href=\"https:\/\/lamendigapolitica.com\/blog\/blog\/wp-content\/uploads\/2016\/06\/AMLO.jpg\" rel=\"attachment wp-att-37745\"><img loading=\"lazy\" decoding=\"async\" class=\"aligncenter size-full wp-image-37745\" src=\"https:\/\/lamendigapolitica.com\/blog\/blog\/wp-content\/uploads\/2016\/06\/AMLO.jpg\" alt=\"AMLO\" width=\"276\" height=\"183\" \/><\/a><\/p>\n<p>&nbsp;<\/p>\n<p>Andr\u00e9s Manuel L\u00f3pez Obrador tendr\u00e1 que valorar si quiere la presidencia de la Rep\u00fablica aliarse con el PRD \u201csi no, no le va a alcanzar\u201d, sostuvo Jose Luis Cure\u00f1o, consejero nacional del partido del Sol Azteca quien indic\u00f3 que por su parte est\u00e1n trabajando para un \u201cbrexit\u201d del \u201cchuchismo\u201d de la dirigencia nacional, informa hoy Excelsior.<\/p>\n<p>&nbsp;<\/p>\n<p>El Consejero Cure\u00f1o anunci\u00f3 la \u201ciniciativa por la concordia y unidad de las izquierdas\u201d se se\u00f1al\u00f3 que tras la salida de Agust\u00edn Basave de la dirigencia nacional es momento de dise\u00f1ar una pol\u00edtica de alianzas de las izquierdas rumbo al 2018 y reconoci\u00f3 el inter\u00e9s que existe de sumarse con L\u00f3pez Obrador pero ante su desd\u00e9n sostuvo que Morena no tiene presencia nacional y necesita la alianza, \u201cNo descartamos a Andr\u00e9s Manuel sin duda ser\u00e1 el candidato de Morena\u2026 Tendr\u00e1 que decidir si quiere la presidencia porque ya vio que con Morena solo no le alcanza, Morena solo no es primera fuerza\u201d.<\/p>\n<p>&nbsp;<\/p>\n<p>Cure\u00f1o que es integrante de la corriente Coalici\u00f3n de la izquierda mexiquense, advirti\u00f3 que para que esta alianza sea posible tiene. Que hacer su \u201cbrexit\u201d dentro del partido. Creemos que es posible que el PRD est\u00e1 en un buen momento para su propio Brexit, salir del chuchismo, una especie de \u201cchuchexit\u201d, salir del chuchismo es la \u00fanica garant\u00eda de que el PRD tenga futuro\u201d.<\/p>\n<p>&nbsp;<\/p>\n<p>Pero consider\u00f3 que esta iniciativa debe estar libre de la influencia de las corrientes por ello dijo que ser\u00e1 dirigida a las bases, a la militancia por lo que har\u00e1n foros en las delegaciones, municipios mexiquenses y posteriormente se ir\u00e1n a los estados con presencia del PRD.<\/p>\n","protected":false},"excerpt":{"rendered":"<p>&nbsp; Andr\u00e9s Manuel L\u00f3pez Obrador tendr\u00e1 que valorar si quiere la presidencia de la Rep\u00fablica aliarse con el PRD \u201csi no, no le va a alcanzar\u201d, sostuvo Jose Luis Cure\u00f1o, consejero nacional del partido del Sol Azteca quien indic\u00f3 que por su parte est\u00e1n trabajando para un \u201cbrexit\u201d del \u201cchuchismo\u201d de la dirigencia nacional, informa &hellip; <\/p>\n<p><a class=\"more-link btn\" href=\"https:\/\/lamendigapolitica.com\/?p=37744\">Seguir leyendo<\/a><\/p>\n","protected":false},"author":1,"featured_media":0,"comment_status":"open","ping_status":"closed","sticky":false,"template":"","format":"standard","meta":{"footnotes":""},"categories":[6,20,5,3],"tags":[],"class_list":["post-37744","post","type-post","status-publish","format-standard","hentry","category-congreso","category-gobierno","category-partidos","category-politica","item-wrap"],"_links":{"self":[{"href":"https:\/\/lamendigapolitica.com\/index.php?rest_route=\/wp\/v2\/posts\/37744","targetHints":{"allow":["GET"]}}],"collection":[{"href":"https:\/\/lamendigapolitica.com\/index.php?rest_route=\/wp\/v2\/posts"}],"about":[{"href":"https:\/\/lamendigapolitica.com\/index.php?rest_route=\/wp\/v2\/types\/post"}],"author":[{"embeddable":true,"href":"https:\/\/lamendigapolitica.com\/index.php?rest_route=\/wp\/v2\/users\/1"}],"replies":[{"embeddable":true,"href":"https:\/\/lamendigapolitica.com\/index.php?rest_route=%2Fwp%2Fv2%2Fcomments&post=37744"}],"version-history":[{"count":1,"href":"https:\/\/lamendigapolitica.com\/index.php?rest_route=\/wp\/v2\/posts\/37744\/revisions"}],"predecessor-version":[{"id":37746,"href":"https:\/\/lamendigapolitica.com\/index.php?rest_route=\/wp\/v2\/posts\/37744\/revisions\/37746"}],"wp:attachment":[{"href":"https:\/\/lamendigapolitica.com\/index.php?rest_route=%2Fwp%2Fv2%2Fmedia&parent=37744"}],"wp:term":[{"taxonomy":"category","embeddable":true,"href":"https:\/\/lamendigapolitica.com\/index.php?rest_route=%2Fwp%2Fv2%2Fcategories&post=37744"},{"taxonomy":"post_tag","embeddable":true,"href":"https:\/\/lamendigapolitica.com\/index.php?rest_route=%2Fwp%2Fv2%2Ftags&post=37744"}],"curies":[{"name":"wp","href":"https:\/\/api.w.org\/{rel}","templated":true}]}}