{"id":37740,"date":"2016-06-25T17:40:43","date_gmt":"2016-06-25T22:40:43","guid":{"rendered":"http:\/\/lamendigapolitica.com\/blog\/?p=37740"},"modified":"2016-06-25T17:40:43","modified_gmt":"2016-06-25T22:40:43","slug":"modelo-de-justicia-penal-acusatoria-y-adversarial","status":"publish","type":"post","link":"https:\/\/lamendigapolitica.com\/?p=37740","title":{"rendered":"Modelo de Justicia Penal Acusatoria y Adversarial"},"content":{"rendered":"<p><a href=\"https:\/\/lamendigapolitica.com\/blog\/blog\/wp-content\/uploads\/2016\/06\/CAMILO-AVATAR-1.jpg\" rel=\"attachment wp-att-37741\"><img loading=\"lazy\" decoding=\"async\" class=\"alignleft size-full wp-image-37741\" src=\"https:\/\/lamendigapolitica.com\/blog\/blog\/wp-content\/uploads\/2016\/06\/CAMILO-AVATAR-1.jpg\" alt=\"CAMILO-AVATAR\" width=\"131\" height=\"150\" \/><\/a><\/p>\n<h3><span style=\"color: #008080;\">CENTAURO\/Camilo Gonz\u00e1lez Lara<\/span><\/h3>\n<p>En un ambiente de inestabilidad y de indignaci\u00f3n en el Estado, a\u00f1o 2013, \u00a0se despleg\u00f3 la contienda electoral, lo que supuso la creaci\u00f3n de estrategias de comunicaci\u00f3n pol\u00edtica y electoral, de los partidos y sus candidatos, que le dieran a la ciudadan\u00eda la certeza de que la criminalidad y sus efectos pod\u00edan llegar a su t\u00e9rmino.<\/p>\n<p>El sentido m\u00e1s promisorio de los discursos, tanto a nivel gubernamental como a nivel de las fuerzas pol\u00edticas, vio su apoteosis en la publicidad que estos actores filtraron en los medios electr\u00f3nicos y digitales.<\/p>\n<p>Como resultado de ello, las expectativas de un nuevo orden social, poco a poco, fue deline\u00e1ndose, sin descartar los claroscuros en la percepci\u00f3n ciudadana.<\/p>\n<p>Hoy, a mitad del corriente a\u00f1o, en el campo de las investigaciones sobre el discurso pol\u00edtico y sus aplicaciones, en la esfera de la comunicaci\u00f3n en materia de seguridad y procuraci\u00f3n, van desde el\u00a0 an\u00e1lisis de la relaci\u00f3n entre el texto y el contexto, hasta las exploraciones centradas en la descripci\u00f3n y an\u00e1lisis de los contenidos, o ser\u00e1 mejor decir, de la tipolog\u00eda pragm\u00e1tica de los que hoy gobiernan.<\/p>\n<p>El chiste es, que se ha emprendido una estrategia discursiva por parte de las autoridades para aminorar los efectos de la violencia en los medios de comunicaci\u00f3n y su percepci\u00f3n en la ciudadan\u00eda, hubo un decidido cambio de rumbo en el tratamiento del t\u00f3pico, pero estamos muy lejos de satisfacer la sentida demanda ciudadana.<\/p>\n<p>Hoy, nuestro sistema de justicia penal atraviesa por un periodo de transici\u00f3n hist\u00f3rica, donde poderes y \u00f3rdenes de Gobierno trabajan y materializan este esfuerzo para lograr el nuevo modelo de justicia penal acusatoria y adversarial que prev\u00e9 nuestra Carta Magna.<\/p>\n<p>La fiscal\u00eda del Estado, as\u00ed como las instituciones de seguridad p\u00fablica, jueces y magistrados, deber\u00e1n impulsar con firmeza la efectiva transici\u00f3n e instrumentaci\u00f3n del nuevo Sistema Acusatorio; agilizando los juicios, se resolver\u00e1n con mayor capacidad institucional los distintos casos que se tengan y se asegura la equidad entre las partes.<\/p>\n<p>Se privilegiar\u00e1 la soluci\u00f3n de conflictos, a trav\u00e9s de mecanismos alternativos, como la conciliaci\u00f3n y la mediaci\u00f3n para la pronta reparaci\u00f3n del da\u00f1o,\u00a0 garantizando el respeto irrestricto a los derechos humanos, combatiendo el delito y la impunidad.<\/p>\n<p>Estas razones son te\u00f3ricas y es lindo y hasta ingenuo creer, pero por laguna raz\u00f3n, no he perdido el sentido de admiraci\u00f3n, la sorpresa y la esperanza en el ser humano\u2026 les doy el beneficio de la duda y mi fe en los que me gobiernan.<\/p>\n<p>Solo advierto que, no caben en esta tarea y en esta misi\u00f3n, esfuerzos o tareas individualistas.<\/p>\n<p>Tiene que haber corresponsabilidad, coordinaci\u00f3n y alineaci\u00f3n de esfuerzos entre \u00f3rdenes de Gobierno, una visi\u00f3n compartida para que realmente podamos generar una sinergia ganadora y eficaz en esta tarea de la procuraci\u00f3n de justicia.<\/p>\n<p>\u201cSe trata de cumplir, no de competir\u201d\u00a0y menos ante lo que es el reclamo social m\u00e1s sentido entre los Mexicanos, la Seguridad y la Procuraci\u00f3n de Justicia; ante estos no hay colores partidistas que nos dividan.<\/p>\n<p>La sociedad espera respuestas oportunas y eficaces; espera, tambi\u00e9n, un cambio positivo no s\u00f3lo en las polic\u00edas o en los Ministerios P\u00fablicos, exige trabajar al un\u00edsono en estrecha vinculaci\u00f3n, generar espacios de di\u00e1logo, de sinergias, propositivo, de colaboraci\u00f3n, que se traduzca en acciones conjuntas y coordinadas para dar plena vigencia al Estado de Derecho que todos los mexicanos y Jaliscienses anhelamos y queremos.<\/p>\n<h3>Comisario de Seguridad en Municipio de Tlaquepaque<\/h3>\n<h3>@CamiloGlezLara<\/h3>\n","protected":false},"excerpt":{"rendered":"<p>CENTAURO\/Camilo Gonz\u00e1lez Lara En un ambiente de inestabilidad y de indignaci\u00f3n en el Estado, a\u00f1o 2013, \u00a0se despleg\u00f3 la contienda electoral, lo que supuso la creaci\u00f3n de estrategias de comunicaci\u00f3n pol\u00edtica y electoral, de los partidos y sus candidatos, que le dieran a la ciudadan\u00eda la certeza de que la criminalidad y sus efectos pod\u00edan &hellip; <\/p>\n<p><a class=\"more-link btn\" href=\"https:\/\/lamendigapolitica.com\/?p=37740\">Seguir leyendo<\/a><\/p>\n","protected":false},"author":1,"featured_media":0,"comment_status":"open","ping_status":"closed","sticky":false,"template":"","format":"standard","meta":{"footnotes":""},"categories":[1,6,20,31,5,3,27],"tags":[],"class_list":["post-37740","post","type-post","status-publish","format-standard","hentry","category-columnista","category-congreso","category-gobierno","category-internacional","category-partidos","category-politica","category-seguridad","item-wrap"],"_links":{"self":[{"href":"https:\/\/lamendigapolitica.com\/index.php?rest_route=\/wp\/v2\/posts\/37740","targetHints":{"allow":["GET"]}}],"collection":[{"href":"https:\/\/lamendigapolitica.com\/index.php?rest_route=\/wp\/v2\/posts"}],"about":[{"href":"https:\/\/lamendigapolitica.com\/index.php?rest_route=\/wp\/v2\/types\/post"}],"author":[{"embeddable":true,"href":"https:\/\/lamendigapolitica.com\/index.php?rest_route=\/wp\/v2\/users\/1"}],"replies":[{"embeddable":true,"href":"https:\/\/lamendigapolitica.com\/index.php?rest_route=%2Fwp%2Fv2%2Fcomments&post=37740"}],"version-history":[{"count":2,"href":"https:\/\/lamendigapolitica.com\/index.php?rest_route=\/wp\/v2\/posts\/37740\/revisions"}],"predecessor-version":[{"id":37743,"href":"https:\/\/lamendigapolitica.com\/index.php?rest_route=\/wp\/v2\/posts\/37740\/revisions\/37743"}],"wp:attachment":[{"href":"https:\/\/lamendigapolitica.com\/index.php?rest_route=%2Fwp%2Fv2%2Fmedia&parent=37740"}],"wp:term":[{"taxonomy":"category","embeddable":true,"href":"https:\/\/lamendigapolitica.com\/index.php?rest_route=%2Fwp%2Fv2%2Fcategories&post=37740"},{"taxonomy":"post_tag","embeddable":true,"href":"https:\/\/lamendigapolitica.com\/index.php?rest_route=%2Fwp%2Fv2%2Ftags&post=37740"}],"curies":[{"name":"wp","href":"https:\/\/api.w.org\/{rel}","templated":true}]}}