{"id":37737,"date":"2016-06-25T17:25:13","date_gmt":"2016-06-25T22:25:13","guid":{"rendered":"http:\/\/lamendigapolitica.com\/blog\/?p=37737"},"modified":"2016-06-25T17:25:13","modified_gmt":"2016-06-25T22:25:13","slug":"otra-europa","status":"publish","type":"post","link":"https:\/\/lamendigapolitica.com\/?p=37737","title":{"rendered":"Otra Europa"},"content":{"rendered":"<p><a href=\"https:\/\/lamendigapolitica.com\/blog\/blog\/wp-content\/uploads\/2016\/06\/Avatar-Lalo-2.jpg\" rel=\"attachment wp-att-37738\"><img loading=\"lazy\" decoding=\"async\" class=\"alignleft  wp-image-37738\" src=\"https:\/\/lamendigapolitica.com\/blog\/blog\/wp-content\/uploads\/2016\/06\/Avatar-Lalo-2.jpg\" alt=\"Avatar-Lalo\" width=\"133\" height=\"133\" \/><\/a><\/p>\n<h3><span style=\"color: #666699;\">DIVISADERO\/Eduardo Gonz\u00e1lez<\/span><\/h3>\n<p>Fue tan grande el horror de haber vivido dos guerras mundiales en menos de cincuenta a\u00f1os, que los europeos de varias naciones imaginaron y pusieron en marcha un proyecto pol\u00edtico y econ\u00f3mico que les garantizara un periodo sostenido de paz con crecimiento y desarrollo econ\u00f3mico.<\/p>\n<p>No estaban dispuestos bajo ninguna circunstancia a experimentar de nueva cuenta las sangrientas jornadas producto de a\u00f1os de confrontaci\u00f3n militar. Adem\u00e1s, la historia que los anteced\u00eda tambi\u00e9n les mostraba la circunstancia b\u00e9lica en la que hab\u00edan vivido por siglos.<\/p>\n<p>El reto no era menor, la soluci\u00f3n deb\u00eda ser de los mismos alcances y dimensiones.<\/p>\n<p>As\u00ed las cosas, antes de 1950 las primeras naciones se sentaron a la mesa de di\u00e1logo y construcci\u00f3n.<\/p>\n<p>El primer acercamiento de los gobiernos dio como resultado en 1951 la firma del Tratado de Par\u00eds que institucionaliz\u00f3 la Comunidad Europea del Carb\u00f3n y del Acerco, teniendo como sus integrantes a Alemania, Francia, Italia, Pa\u00edses Bajos, B\u00e9lgica y Luxemburgo.<\/p>\n<p>A partir de ese momento y pr\u00e1cticamente hasta el 23 de junio pasado, todos los esfuerzos europeos hab\u00edan sido para sumar, para construir, incluso en los momentos m\u00e1s dif\u00edciles y de menor viabilidad del proyecto comunitario. La Uni\u00f3n lleg\u00f3 a crecer hasta tener 28 naciones en su organizaci\u00f3n.<\/p>\n<p>La separaci\u00f3n de uno de sus miembros solo se miraba como una lejana posibilidad, medianamente contemplada en los mismos estatutos de la comunidad.<\/p>\n<p>Pues bien, el jueves pasado todo cambi\u00f3.<\/p>\n<p>O por lo menos una parte sustancial del proyecto. Los ciudadanos de Reino Unido salieron a las urnas a emitir su voto en el refer\u00e9ndum que decid\u00eda su permanencia o salida de la comunidad europea.<\/p>\n<p>51.9 vot\u00f3 por abandonar el proyecto comunitario, y dejar atr\u00e1s una historia que comenz\u00f3 en 1973.<\/p>\n<p>Si bien, el refer\u00e9ndum no es vinculante ni tiene fuerza legal, s\u00ed obliga al parlamento brit\u00e1nico a redactar y aprobar las leyes necesarias para materializar la ruptura con la Europa continental.<\/p>\n<p>Recordemos que fue el mismo David Cameron quien en 2013 prometi\u00f3 la realizaci\u00f3n del refer\u00e9ndum en caso de triunfar en las elecciones. La iron\u00eda de todo ello, es que la primera cabeza en rodar ha sido la del primer ministro quien anunci\u00f3 sus renuncia en el mismo momento de conocer los resultados de las urnas.<\/p>\n<p>Sin estar ciertos del alcance de la decisi\u00f3n ciudadana de Reino Unido, en las primeras horas la Libra Esterlina sufri\u00f3 una ca\u00edda de 10%. Ser\u00e1 necesario una serie de negociaciones desde Londres para establecer nuevos tratados comerciales pues los firmados en el marco de la Uni\u00f3n, m\u00e1s temprano que tarde dejar\u00e1n de tener vigencia.<\/p>\n<p>No solo aparecer\u00e1n nuevos convenios en diversas \u00e1reas, sino que ser\u00e1 necesaria reconstituir las instituciones de Reino Unido y Europa pues las existentes al d\u00eda de hoy ser\u00e1n inviables en el nuevo esquema geopol\u00edtico europeo. Migraci\u00f3n, seguridad social, comercio, finanzas, impuestos, impartici\u00f3n de justicia, ciencia y tecnolog\u00eda, participaci\u00f3n ciudadana, defensa militar, educaci\u00f3n, y un sinf\u00edn de \u00e1reas m\u00e1s deber\u00e1n replantearse.<\/p>\n<p>Por otro lado, la Uni\u00f3n Europea tendr\u00e1 que construir un fuerte y profundo frente pr\u00e1ctico y discursivo para detener las intenciones de otras naciones para abandonar el proyecto comunitario.<\/p>\n<p>De no ser as\u00ed, estaremos asistiendo a la desintegraci\u00f3n de uno de esfuerzos m\u00e1s serios y exitosos para construir un escenario de paz y entendimiento entre naciones que hist\u00f3ricamente hab\u00edan experimentado la guerra como una de las formas m\u00e1s frecuentes en sus relaciones.<\/p>\n<p>A querer o no, a partir de hoy estamos frente a otra Europa. Que el futuro sea mejor que el presente.<\/p>\n<h3>Analista pol\u00edtico<\/h3>\n<h3>Profesor-Investigador<\/h3>\n<h3>Escuela de Humanidades y Ciencias Sociales<\/h3>\n<h3>Tec de Monterrey<\/h3>\n<h3>@contodoytriques<\/h3>\n","protected":false},"excerpt":{"rendered":"<p>DIVISADERO\/Eduardo Gonz\u00e1lez Fue tan grande el horror de haber vivido dos guerras mundiales en menos de cincuenta a\u00f1os, que los europeos de varias naciones imaginaron y pusieron en marcha un proyecto pol\u00edtico y econ\u00f3mico que les garantizara un periodo sostenido de paz con crecimiento y desarrollo econ\u00f3mico. No estaban dispuestos bajo ninguna circunstancia a experimentar &hellip; <\/p>\n<p><a class=\"more-link btn\" href=\"https:\/\/lamendigapolitica.com\/?p=37737\">Seguir leyendo<\/a><\/p>\n","protected":false},"author":1,"featured_media":0,"comment_status":"open","ping_status":"closed","sticky":false,"template":"","format":"standard","meta":{"footnotes":""},"categories":[1,6,30,28,20,31,5,3],"tags":[],"class_list":["post-37737","post","type-post","status-publish","format-standard","hentry","category-columnista","category-congreso","category-economia","category-educacion","category-gobierno","category-internacional","category-partidos","category-politica","item-wrap"],"_links":{"self":[{"href":"https:\/\/lamendigapolitica.com\/index.php?rest_route=\/wp\/v2\/posts\/37737","targetHints":{"allow":["GET"]}}],"collection":[{"href":"https:\/\/lamendigapolitica.com\/index.php?rest_route=\/wp\/v2\/posts"}],"about":[{"href":"https:\/\/lamendigapolitica.com\/index.php?rest_route=\/wp\/v2\/types\/post"}],"author":[{"embeddable":true,"href":"https:\/\/lamendigapolitica.com\/index.php?rest_route=\/wp\/v2\/users\/1"}],"replies":[{"embeddable":true,"href":"https:\/\/lamendigapolitica.com\/index.php?rest_route=%2Fwp%2Fv2%2Fcomments&post=37737"}],"version-history":[{"count":1,"href":"https:\/\/lamendigapolitica.com\/index.php?rest_route=\/wp\/v2\/posts\/37737\/revisions"}],"predecessor-version":[{"id":37739,"href":"https:\/\/lamendigapolitica.com\/index.php?rest_route=\/wp\/v2\/posts\/37737\/revisions\/37739"}],"wp:attachment":[{"href":"https:\/\/lamendigapolitica.com\/index.php?rest_route=%2Fwp%2Fv2%2Fmedia&parent=37737"}],"wp:term":[{"taxonomy":"category","embeddable":true,"href":"https:\/\/lamendigapolitica.com\/index.php?rest_route=%2Fwp%2Fv2%2Fcategories&post=37737"},{"taxonomy":"post_tag","embeddable":true,"href":"https:\/\/lamendigapolitica.com\/index.php?rest_route=%2Fwp%2Fv2%2Ftags&post=37737"}],"curies":[{"name":"wp","href":"https:\/\/api.w.org\/{rel}","templated":true}]}}