{"id":37734,"date":"2016-06-25T12:26:54","date_gmt":"2016-06-25T17:26:54","guid":{"rendered":"http:\/\/lamendigapolitica.com\/blog\/?p=37734"},"modified":"2016-06-25T12:26:54","modified_gmt":"2016-06-25T17:26:54","slug":"pena-nieto-reconoce-a-comunidad-lgbttti-via-twitter","status":"publish","type":"post","link":"https:\/\/lamendigapolitica.com\/?p=37734","title":{"rendered":"Pe\u00f1a Nieto reconoce a comunidad LGBTTTI v\u00eda Twitter"},"content":{"rendered":"<p><a href=\"https:\/\/lamendigapolitica.com\/blog\/blog\/wp-content\/uploads\/2016\/06\/pea.jpg\" rel=\"attachment wp-att-37735\"><img loading=\"lazy\" decoding=\"async\" class=\"aligncenter size-full wp-image-37735\" src=\"https:\/\/lamendigapolitica.com\/blog\/blog\/wp-content\/uploads\/2016\/06\/pea.jpg\" alt=\"pe;a\" width=\"275\" height=\"183\" \/><\/a><\/p>\n<p>&nbsp;<\/p>\n<p>El presidente Enrique Pe\u00f1a Nieto, celebr\u00f3 hoy la diversidad sexual y expres\u00f3 un reconocimiento a la comunidad l\u00e9sbico, gay, bisexual, travesti, transexual, transg\u00e9nero e intersexual (LGBTTTI). en el d\u00eda en que se celebra una multitudinaria marcha en la capital en favor del colectivo. \u201cHoy miles de personas saldr\u00e1n a marchar a las calles para celebrar la diversidad. Mi reconocimiento a la comunidad LGBTI por la celebraci\u00f3n\u201d, dijo el mandatario en Twitter.<\/p>\n<p>&nbsp;<\/p>\n<p>El presidente afirm\u00f3 que \u201cestar en favor de la igualdad es una encomienda\u201d del Gobierno a fin de contribuir \u201ca la consolidaci\u00f3n de un M\u00e9xico incluyente y sin discriminaci\u00f3n\u201d. \u201cCreo firmemente que todas las mexicanas y mexicanos tienen derecho a elegir libremente a qui\u00e9n amar y con qui\u00e9n compartir la vida\u201d, asever\u00f3 Pe\u00f1a Nieto, quien record\u00f3 que este junio se conmemora el orgullo LGBTI en buena parte del mundo. \u201cEs el inicio de la lucha internacional de esta comunidad, por el reconocimiento de sus derechos humanos\u201d, subray\u00f3.<\/p>\n<p>&nbsp;<\/p>\n<p>En mayo el gobierno mexicano anunci\u00f3 una propuesta para reformar la Constituci\u00f3n con el fin de reconocer el matrimonio entre personas del mismo sexo. Con una modificaci\u00f3n del art\u00edculo 4 constitucional, se reconocer\u00e1 como \u201cun derecho humano que las personas puedan contraer matrimonio sin discriminaci\u00f3n alguna\u201d, dijo el gobernante al dar el anuncio, que ha sido muy criticado por parte de la sociedad civil y, sobre todo, por la Iglesia.<\/p>\n<p>&nbsp;<\/p>\n<p>Este s\u00e1bado se celebra en la Ciudad de M\u00e9xico la 38 marcha del Orgullo LGBT, en la que el Gobierno capitalino espera la participaci\u00f3n de hasta 800,000 personas.<\/p>\n","protected":false},"excerpt":{"rendered":"<p>&nbsp; El presidente Enrique Pe\u00f1a Nieto, celebr\u00f3 hoy la diversidad sexual y expres\u00f3 un reconocimiento a la comunidad l\u00e9sbico, gay, bisexual, travesti, transexual, transg\u00e9nero e intersexual (LGBTTTI). en el d\u00eda en que se celebra una multitudinaria marcha en la capital en favor del colectivo. \u201cHoy miles de personas saldr\u00e1n a marchar a las calles para &hellip; <\/p>\n<p><a class=\"more-link btn\" href=\"https:\/\/lamendigapolitica.com\/?p=37734\">Seguir leyendo<\/a><\/p>\n","protected":false},"author":1,"featured_media":0,"comment_status":"open","ping_status":"closed","sticky":false,"template":"","format":"standard","meta":{"footnotes":""},"categories":[6,20,5,3,27,22],"tags":[],"class_list":["post-37734","post","type-post","status-publish","format-standard","hentry","category-congreso","category-gobierno","category-partidos","category-politica","category-seguridad","category-sociales","item-wrap"],"_links":{"self":[{"href":"https:\/\/lamendigapolitica.com\/index.php?rest_route=\/wp\/v2\/posts\/37734","targetHints":{"allow":["GET"]}}],"collection":[{"href":"https:\/\/lamendigapolitica.com\/index.php?rest_route=\/wp\/v2\/posts"}],"about":[{"href":"https:\/\/lamendigapolitica.com\/index.php?rest_route=\/wp\/v2\/types\/post"}],"author":[{"embeddable":true,"href":"https:\/\/lamendigapolitica.com\/index.php?rest_route=\/wp\/v2\/users\/1"}],"replies":[{"embeddable":true,"href":"https:\/\/lamendigapolitica.com\/index.php?rest_route=%2Fwp%2Fv2%2Fcomments&post=37734"}],"version-history":[{"count":1,"href":"https:\/\/lamendigapolitica.com\/index.php?rest_route=\/wp\/v2\/posts\/37734\/revisions"}],"predecessor-version":[{"id":37736,"href":"https:\/\/lamendigapolitica.com\/index.php?rest_route=\/wp\/v2\/posts\/37734\/revisions\/37736"}],"wp:attachment":[{"href":"https:\/\/lamendigapolitica.com\/index.php?rest_route=%2Fwp%2Fv2%2Fmedia&parent=37734"}],"wp:term":[{"taxonomy":"category","embeddable":true,"href":"https:\/\/lamendigapolitica.com\/index.php?rest_route=%2Fwp%2Fv2%2Fcategories&post=37734"},{"taxonomy":"post_tag","embeddable":true,"href":"https:\/\/lamendigapolitica.com\/index.php?rest_route=%2Fwp%2Fv2%2Ftags&post=37734"}],"curies":[{"name":"wp","href":"https:\/\/api.w.org\/{rel}","templated":true}]}}