{"id":37731,"date":"2016-06-25T12:17:29","date_gmt":"2016-06-25T17:17:29","guid":{"rendered":"http:\/\/lamendigapolitica.com\/blog\/?p=37731"},"modified":"2016-06-25T12:17:29","modified_gmt":"2016-06-25T17:17:29","slug":"desmiente-abogada-liberacion-de-ruben-nunez","status":"publish","type":"post","link":"https:\/\/lamendigapolitica.com\/?p=37731","title":{"rendered":"Desmiente abogada liberaci\u00f3n de Rub\u00e9n Nu\u00f1ez"},"content":{"rendered":"<p><a href=\"https:\/\/lamendigapolitica.com\/blog\/blog\/wp-content\/uploads\/2016\/06\/Ruben-Nu\u00f1es.jpg\" rel=\"attachment wp-att-37732\"><img loading=\"lazy\" decoding=\"async\" class=\"aligncenter  wp-image-37732\" src=\"https:\/\/lamendigapolitica.com\/blog\/blog\/wp-content\/uploads\/2016\/06\/Ruben-Nu\u00f1es.jpg\" alt=\"Rub[en Nu\u00f1es\" width=\"334\" height=\"208\" \/><\/a><\/p>\n<p>&nbsp;<\/p>\n<p>Pese a que ha trascendido en diferentes medios, que el dirigente de la Secci\u00f3n 22 de la Coordinadora Nacional de Trabajadores de la Educaci\u00f3n (CNTE), Rub\u00e9n N\u00fa\u00f1ez Gin\u00e9z, habr\u00eda obtenido su libertad tras el pago de una fianza junto al secretario de Finanzas de la gremial, Aciel Sibaja Mendoza. Sin embargo, la abogada Edith Santib\u00e1\u00f1ez Boh\u00f3rquez consider\u00f3 \u201cfalso\u201d el hecho de que Rub\u00e9n N\u00fa\u00f1ez haya quedado f\u00edsicamente libre, seg\u00fan public\u00f3 24 HORAS.<\/p>\n<p>&nbsp;<\/p>\n<p>En entrevista con Quadrat\u00edn, la litigante explic\u00f3 que N\u00fa\u00f1ez obtuvo su libertad bajo fianza en uno de los tres procesos que le siguen, pero \u201ca\u00fan no se ha depositado ninguna fianza\u201d. Mencion\u00f3 que lo que saben, por versiones que hasta ahora no son precisas, es que Rub\u00e9n N\u00fa\u00f1ez fue trasladado a un hospital para recibir atenci\u00f3n m\u00e9dica. \u201cEstamos confirmando, la atenci\u00f3n m\u00e9dica era algo que hab\u00edamos solicitado, pero no podemos decir en este momento si est\u00e1 recibiendo atenci\u00f3n m\u00e9dica\u201d.<\/p>\n<p>&nbsp;<\/p>\n<p>Consider\u00f3 que tanto familiares como sus abogados est\u00e1n molestos por todo lo que se genera con informaci\u00f3n falsa respecto del proceso del profesor N\u00fa\u00f1ez.<\/p>\n<p>&nbsp;<\/p>\n<p>El l\u00edder magisterial es acusado de haber participado en delitos de lavado de dinero con recursos de procedencia il\u00edcita, robo agravado y tentativa de homicidio, en contra de Pedro Caballero Bola\u00f1os, integrante de la Secci\u00f3n 59 del SNTE.<\/p>\n","protected":false},"excerpt":{"rendered":"<p>&nbsp; Pese a que ha trascendido en diferentes medios, que el dirigente de la Secci\u00f3n 22 de la Coordinadora Nacional de Trabajadores de la Educaci\u00f3n (CNTE), Rub\u00e9n N\u00fa\u00f1ez Gin\u00e9z, habr\u00eda obtenido su libertad tras el pago de una fianza junto al secretario de Finanzas de la gremial, Aciel Sibaja Mendoza. Sin embargo, la abogada Edith &hellip; <\/p>\n<p><a class=\"more-link btn\" href=\"https:\/\/lamendigapolitica.com\/?p=37731\">Seguir leyendo<\/a><\/p>\n","protected":false},"author":1,"featured_media":0,"comment_status":"open","ping_status":"closed","sticky":false,"template":"","format":"standard","meta":{"footnotes":""},"categories":[6,28,20,5,3,27],"tags":[],"class_list":["post-37731","post","type-post","status-publish","format-standard","hentry","category-congreso","category-educacion","category-gobierno","category-partidos","category-politica","category-seguridad","item-wrap"],"_links":{"self":[{"href":"https:\/\/lamendigapolitica.com\/index.php?rest_route=\/wp\/v2\/posts\/37731","targetHints":{"allow":["GET"]}}],"collection":[{"href":"https:\/\/lamendigapolitica.com\/index.php?rest_route=\/wp\/v2\/posts"}],"about":[{"href":"https:\/\/lamendigapolitica.com\/index.php?rest_route=\/wp\/v2\/types\/post"}],"author":[{"embeddable":true,"href":"https:\/\/lamendigapolitica.com\/index.php?rest_route=\/wp\/v2\/users\/1"}],"replies":[{"embeddable":true,"href":"https:\/\/lamendigapolitica.com\/index.php?rest_route=%2Fwp%2Fv2%2Fcomments&post=37731"}],"version-history":[{"count":1,"href":"https:\/\/lamendigapolitica.com\/index.php?rest_route=\/wp\/v2\/posts\/37731\/revisions"}],"predecessor-version":[{"id":37733,"href":"https:\/\/lamendigapolitica.com\/index.php?rest_route=\/wp\/v2\/posts\/37731\/revisions\/37733"}],"wp:attachment":[{"href":"https:\/\/lamendigapolitica.com\/index.php?rest_route=%2Fwp%2Fv2%2Fmedia&parent=37731"}],"wp:term":[{"taxonomy":"category","embeddable":true,"href":"https:\/\/lamendigapolitica.com\/index.php?rest_route=%2Fwp%2Fv2%2Fcategories&post=37731"},{"taxonomy":"post_tag","embeddable":true,"href":"https:\/\/lamendigapolitica.com\/index.php?rest_route=%2Fwp%2Fv2%2Ftags&post=37731"}],"curies":[{"name":"wp","href":"https:\/\/api.w.org\/{rel}","templated":true}]}}