{"id":37722,"date":"2016-06-25T10:56:08","date_gmt":"2016-06-25T15:56:08","guid":{"rendered":"http:\/\/lamendigapolitica.com\/blog\/?p=37722"},"modified":"2016-06-25T10:56:08","modified_gmt":"2016-06-25T15:56:08","slug":"la-cruda-de-los-britanicos-que-votaron-por-salir-de-la-ue-crean-bregret","status":"publish","type":"post","link":"https:\/\/lamendigapolitica.com\/?p=37722","title":{"rendered":"La cruda de los brit\u00e1nicos que votaron por salir de la UE, crean \u201cBregret\u201d"},"content":{"rendered":"<p><a href=\"https:\/\/lamendigapolitica.com\/blog\/blog\/wp-content\/uploads\/2016\/06\/\u201cBregret\u201d.jpg\" rel=\"attachment wp-att-37723\"><img loading=\"lazy\" decoding=\"async\" class=\"aligncenter  wp-image-37723\" src=\"https:\/\/lamendigapolitica.com\/blog\/blog\/wp-content\/uploads\/2016\/06\/\u201cBregret\u201d.jpg\" alt=\"\u201cBregret\u201d\" width=\"362\" height=\"240\" \/><\/a><\/p>\n<p>&nbsp;<\/p>\n<p>Las redes sociales y los canales de televisi\u00f3n brit\u00e1nicos se han llenado hoy de personas que admiten \u201clamentar\u201d haber votado a favor de salir de la Uni\u00f3n Europea (UE) en el refer\u00e9ndum del jueves, al ver las consecuencias en la pol\u00edtica y la econom\u00eda. Este sentimiento de arrepentimiento por el \u201cbrexit\u201d, bautizado \u201cbregret\u201d en internet, coincide con numerosas b\u00fasquedas en la web sobre qu\u00e9 es la UE en las horas posteriores a la votaci\u00f3n.<\/p>\n<p>&nbsp;<\/p>\n<p>En declaraciones al canal ITV, Mandy Suthi, una estudiante que vot\u00f3 por salir, reconoce que si pudiera volver a votar \u201cvotar\u00eda por la permanencia\u201d, \u201csimplemente porque ahora la realidad est\u00e1 haciendo mella\u201d. Suthi confes\u00f3 que toda su familia, que tambi\u00e9n hab\u00eda apoyado el \u201cbrexit\u201d, est\u00e1 \u201cmuy decepcionada\u201d. \u201cOjal\u00e1 tuvi\u00e9ramos la oportunidad de votar de nuevo\u201d, manifest\u00f3. Khembe Gibbons, de Bury St. Edmunds, en el condado de Suffolk, dijo en Twitter que se sent\u00eda \u201crobada\u201d de su sufragio despu\u00e9s de que el l\u00edder del eur\u00f3fobo y \u201cpro-brexit\u201d UKIP, Nigel Farage, reconociera que fue \u201cun error\u201d la promesa hecha durante la campa\u00f1a de que el dinero que se ahorrar\u00eda al salir de la UE se invertir\u00eda en el Servicio Nacional de Salud (NHS).<\/p>\n<p>&nbsp;<\/p>\n<p>\u201cHemos dejado la UE, David Cameron ha dimitido, nos hemos quedado con Boris y Nigel ha admitido que la promesa sobre el NHS era una mentira\u201d, escribi\u00f3. \u201cYo personalmente vot\u00e9 creyendo esas mentiras, y me arrepiento mucho, me siento robada de mi voto\u201d, a\u00f1adi\u00f3. Otro brit\u00e1nico, llamado Adam, declar\u00f3 a la BBC que vot\u00f3 por el \u201cbrexit\u201d pensando que iba a ganar la opci\u00f3n de la permanencia. \u201cEstoy conmocionado de que vot\u00e1ramos por salir, nunca pens\u00e9 que suceder\u00eda. No pens\u00e9 que mi voto fuera a tener importancia, porque estaba convencido de que \u00edbamos a quedarnos\u201d, declar\u00f3.<\/p>\n<p>&nbsp;<\/p>\n<p>El voto favorable al \u201cbrexit\u201d caus\u00f3 turbulencias en los mercados financieros y una ca\u00edda de la libra a niveles de 1985, y llev\u00f3 a la dimisi\u00f3n del primer ministro, el conservador David Cameron. Paralelamente, la Comisi\u00f3n Europea inst\u00f3 al Reino Unido a iniciar cuanto antes el proceso de separaci\u00f3n y no esperar a la elecci\u00f3n de un nuevo l\u00edder \u201ctory\u201d en el congreso de la formaci\u00f3n en octubre, como planeaba Cameron.<\/p>\n","protected":false},"excerpt":{"rendered":"<p>&nbsp; Las redes sociales y los canales de televisi\u00f3n brit\u00e1nicos se han llenado hoy de personas que admiten \u201clamentar\u201d haber votado a favor de salir de la Uni\u00f3n Europea (UE) en el refer\u00e9ndum del jueves, al ver las consecuencias en la pol\u00edtica y la econom\u00eda. Este sentimiento de arrepentimiento por el \u201cbrexit\u201d, bautizado \u201cbregret\u201d en &hellip; <\/p>\n<p><a class=\"more-link btn\" href=\"https:\/\/lamendigapolitica.com\/?p=37722\">Seguir leyendo<\/a><\/p>\n","protected":false},"author":1,"featured_media":0,"comment_status":"open","ping_status":"closed","sticky":false,"template":"","format":"standard","meta":{"footnotes":""},"categories":[6,30,20,31,3],"tags":[],"class_list":["post-37722","post","type-post","status-publish","format-standard","hentry","category-congreso","category-economia","category-gobierno","category-internacional","category-politica","item-wrap"],"_links":{"self":[{"href":"https:\/\/lamendigapolitica.com\/index.php?rest_route=\/wp\/v2\/posts\/37722","targetHints":{"allow":["GET"]}}],"collection":[{"href":"https:\/\/lamendigapolitica.com\/index.php?rest_route=\/wp\/v2\/posts"}],"about":[{"href":"https:\/\/lamendigapolitica.com\/index.php?rest_route=\/wp\/v2\/types\/post"}],"author":[{"embeddable":true,"href":"https:\/\/lamendigapolitica.com\/index.php?rest_route=\/wp\/v2\/users\/1"}],"replies":[{"embeddable":true,"href":"https:\/\/lamendigapolitica.com\/index.php?rest_route=%2Fwp%2Fv2%2Fcomments&post=37722"}],"version-history":[{"count":1,"href":"https:\/\/lamendigapolitica.com\/index.php?rest_route=\/wp\/v2\/posts\/37722\/revisions"}],"predecessor-version":[{"id":37724,"href":"https:\/\/lamendigapolitica.com\/index.php?rest_route=\/wp\/v2\/posts\/37722\/revisions\/37724"}],"wp:attachment":[{"href":"https:\/\/lamendigapolitica.com\/index.php?rest_route=%2Fwp%2Fv2%2Fmedia&parent=37722"}],"wp:term":[{"taxonomy":"category","embeddable":true,"href":"https:\/\/lamendigapolitica.com\/index.php?rest_route=%2Fwp%2Fv2%2Fcategories&post=37722"},{"taxonomy":"post_tag","embeddable":true,"href":"https:\/\/lamendigapolitica.com\/index.php?rest_route=%2Fwp%2Fv2%2Ftags&post=37722"}],"curies":[{"name":"wp","href":"https:\/\/api.w.org\/{rel}","templated":true}]}}