{"id":37704,"date":"2016-06-24T13:21:39","date_gmt":"2016-06-24T18:21:39","guid":{"rendered":"http:\/\/lamendigapolitica.com\/blog\/?p=37704"},"modified":"2016-06-24T13:21:39","modified_gmt":"2016-06-24T18:21:39","slug":"organismos-empresariales-se-congratulan-por-veto-al-ley3de3","status":"publish","type":"post","link":"https:\/\/lamendigapolitica.com\/?p=37704","title":{"rendered":"Organismos empresariales se congratulan por veto al #ley3de3"},"content":{"rendered":"<p><a href=\"https:\/\/lamendigapolitica.com\/blog\/blog\/wp-content\/uploads\/2016\/06\/castaon.jpg\" rel=\"attachment wp-att-37705\"><img loading=\"lazy\" decoding=\"async\" class=\"aligncenter  wp-image-37705\" src=\"https:\/\/lamendigapolitica.com\/blog\/blog\/wp-content\/uploads\/2016\/06\/castaon.jpg\" alt=\"casta'on\" width=\"393\" height=\"233\" \/><\/a><\/p>\n<p>&nbsp;<\/p>\n<p>El sector empresarial se congratul\u00f3 de que el presidente Enrique Pe\u00f1a Nieto haya vetado el art\u00edculo 32 de la Ley de Responsabilidades Administrativas, conocida como #Ley3de3. El presidente del Consejo Coordinador Empresarial (CCE), Juan Pablo Casta\u00f1\u00f3n, agradeci\u00f3 en su cuenta de Twitter \u201cla sensibilidad del Presidente al escuchar la solicitud de diversas expresiones de la sociedad\u201d. Agreg\u00f3 que el organismo colaborar\u00e1 con el Poder Legislativo para plantear un Sistema Nacional Anticorrupci\u00f3n (SNA) que sea funcional.<\/p>\n<p>&nbsp;<\/p>\n<p>En tanto, la C\u00e1mara Nacional de la Industria de Transformaci\u00f3n (Canacintra) celebr\u00f3 la decisi\u00f3n, y reiter\u00f3 su compromiso para combatir la corrupci\u00f3n dentro de las empresas. \u00ab(Se aplicar\u00e1n) medidas de capacitaci\u00f3n y certificaci\u00f3n en nuestras industrias para fomentar las mejores pr\u00e1cticas internacionales en materia de \u00e9tica e integridad empresarial, as\u00ed como aquellas medidas que permitan dejar atr\u00e1s el flagelo de corrupci\u00f3n e impunidad que tanto lacera al pa\u00eds\u201d, indic\u00f3 en un comunicado.<\/p>\n<p>&nbsp;<\/p>\n<p>La Confederaci\u00f3n Patronal de la Rep\u00fablica Mexicana (Coparmex) expuso en un comunicado que el SNA quedaba vulnerable \u201cante la imposibilidad de procesar las millones de declaraciones de empresarios, trabajadores y beneficiarios de programas gubernamentales\u201d, por lo que la decisi\u00f3n de Pe\u00f1a Nieto favorece el combate a la corrupci\u00f3n. Y la Confederaci\u00f3n de C\u00e1maras Nacionales de Comercio, Servicios y Turismo (Concanaco) se\u00f1al\u00f3 en un comunicado que vigilar\u00e1n el an\u00e1lisis que hagan nuevamente los legisladores en la nueva discusi\u00f3n de la #Ley3de3.<\/p>\n<p>&nbsp;<\/p>\n<p>El gobierno federal consider\u00f3 excesiva la medida aprobada en un periodo extraordinario de sesiones. El art\u00edculo obliga a todo particular y empresa que reciba recursos o ejerza recursos p\u00fablicos a presentar sus declaraciones patrimoniales, salvo cuando se afecten la vida privada o datos personales protegidos.<\/p>\n","protected":false},"excerpt":{"rendered":"<p>&nbsp; El sector empresarial se congratul\u00f3 de que el presidente Enrique Pe\u00f1a Nieto haya vetado el art\u00edculo 32 de la Ley de Responsabilidades Administrativas, conocida como #Ley3de3. El presidente del Consejo Coordinador Empresarial (CCE), Juan Pablo Casta\u00f1\u00f3n, agradeci\u00f3 en su cuenta de Twitter \u201cla sensibilidad del Presidente al escuchar la solicitud de diversas expresiones de &hellip; <\/p>\n<p><a class=\"more-link btn\" href=\"https:\/\/lamendigapolitica.com\/?p=37704\">Seguir leyendo<\/a><\/p>\n","protected":false},"author":1,"featured_media":0,"comment_status":"open","ping_status":"closed","sticky":false,"template":"","format":"standard","meta":{"footnotes":""},"categories":[6,30,20,5,3],"tags":[],"class_list":["post-37704","post","type-post","status-publish","format-standard","hentry","category-congreso","category-economia","category-gobierno","category-partidos","category-politica","item-wrap"],"_links":{"self":[{"href":"https:\/\/lamendigapolitica.com\/index.php?rest_route=\/wp\/v2\/posts\/37704","targetHints":{"allow":["GET"]}}],"collection":[{"href":"https:\/\/lamendigapolitica.com\/index.php?rest_route=\/wp\/v2\/posts"}],"about":[{"href":"https:\/\/lamendigapolitica.com\/index.php?rest_route=\/wp\/v2\/types\/post"}],"author":[{"embeddable":true,"href":"https:\/\/lamendigapolitica.com\/index.php?rest_route=\/wp\/v2\/users\/1"}],"replies":[{"embeddable":true,"href":"https:\/\/lamendigapolitica.com\/index.php?rest_route=%2Fwp%2Fv2%2Fcomments&post=37704"}],"version-history":[{"count":1,"href":"https:\/\/lamendigapolitica.com\/index.php?rest_route=\/wp\/v2\/posts\/37704\/revisions"}],"predecessor-version":[{"id":37706,"href":"https:\/\/lamendigapolitica.com\/index.php?rest_route=\/wp\/v2\/posts\/37704\/revisions\/37706"}],"wp:attachment":[{"href":"https:\/\/lamendigapolitica.com\/index.php?rest_route=%2Fwp%2Fv2%2Fmedia&parent=37704"}],"wp:term":[{"taxonomy":"category","embeddable":true,"href":"https:\/\/lamendigapolitica.com\/index.php?rest_route=%2Fwp%2Fv2%2Fcategories&post=37704"},{"taxonomy":"post_tag","embeddable":true,"href":"https:\/\/lamendigapolitica.com\/index.php?rest_route=%2Fwp%2Fv2%2Ftags&post=37704"}],"curies":[{"name":"wp","href":"https:\/\/api.w.org\/{rel}","templated":true}]}}