{"id":37678,"date":"2016-06-23T21:43:08","date_gmt":"2016-06-24T02:43:08","guid":{"rendered":"http:\/\/lamendigapolitica.com\/blog\/?p=37678"},"modified":"2016-06-23T21:43:08","modified_gmt":"2016-06-24T02:43:08","slug":"pederastia-clerical-en-mexico-es-grave-academico","status":"publish","type":"post","link":"https:\/\/lamendigapolitica.com\/?p=37678","title":{"rendered":"Pederastia clerical en M\u00e9xico es grave: acad\u00e9mico"},"content":{"rendered":"<p class=\"ecxMsoNormal\"><a href=\"https:\/\/lamendigapolitica.com\/blog\/blog\/wp-content\/uploads\/2016\/06\/pederastia-y-sacerdotes.jpg\" rel=\"attachment wp-att-37679\"><img loading=\"lazy\" decoding=\"async\" class=\"aligncenter wp-image-37679\" src=\"https:\/\/lamendigapolitica.com\/blog\/blog\/wp-content\/uploads\/2016\/06\/pederastia-y-sacerdotes.jpg\" alt=\"pederastia-y-sacerdotes\" width=\"367\" height=\"275\" srcset=\"https:\/\/lamendigapolitica.com\/wp-content\/uploads\/2016\/06\/pederastia-y-sacerdotes.jpg 567w, https:\/\/lamendigapolitica.com\/wp-content\/uploads\/2016\/06\/pederastia-y-sacerdotes-300x225.jpg 300w\" sizes=\"auto, (max-width: 367px) 100vw, 367px\" \/><\/a><\/p>\n<p class=\"ecxMsoNormal\">La situaci\u00f3n de la pederastia clerical en M\u00e9xico es grave, pues hay un encubrimiento por parte de las autoridades eclesiales y de las instituciones que imparten justicia en el pa\u00eds, afirm\u00f3 el investigador de la<span class=\"ecxapple-converted-space\">\u00a0<\/span><span class=\"ecxitalic\">Escuela Nacional de Antropolog\u00eda e Historia, doctor Elio Masferrer Kan, quien particip\u00f3 como invitado en un foro acerca de este tema, realizado en el <\/span><a href=\"http:\/\/www.cucsh.udg.mx\/\" target=\"_blank\">Centro Universitario de Ciencias Sociales y Humanidades (CUCSH)<\/a><span class=\"ecxitalic\"> de la\u00a0<\/span><a href=\"http:\/\/www.cucsh.udg.mx\/\" target=\"_blank\">Universidad de Guadalajara (UdeG).<i> <\/i>\u00a0<\/a><\/p>\n<p class=\"ecxMsoNormal\">Previo a su conferencia, el especialista dijo que es bien sabido que M\u00e9xico fue refugio de sacerdotes pederastas acusados en otros pa\u00edses, que ac\u00e1 siguieron en funciones.<\/p>\n<p class=\"ecxMsoNormal\">\u201cCreo que es muy grave la situaci\u00f3n en M\u00e9xico, pero las autoridades eclesi\u00e1sticas no lo van a abordar porque entrar\u00edan ahora en la figura de la negligencia, porque no hicieron nada, porque no quisieron hacer nada y porque ten\u00edan instrucciones de la curia romana de no hacer nada\u201d, dijo.<\/p>\n<p class=\"ecxMsoNormal\"><span class=\"ecxitalic\">Advirti\u00f3 que los sacerdotes son ciudadanos y, por lo tanto, deber\u00edan estar sujetos a la ley, \u201cpero, en general, el aparato judicial es muy <i>t\u00edmido<\/i> para iniciarle investigaciones a un sacerdote, y tratan de evitarlo\u201d.<\/span><\/p>\n<p class=\"ecxMsoNormal\"><span class=\"ecxitalic\">Masferrer Kan<\/span>, miembro de la Red Nacional de Investigadores sobre Religi\u00f3n, Sociedad y Pol\u00edtica, se\u00f1al\u00f3 que este problema tiene que ver con la estructura de la iglesia cat\u00f3lica y se agrava m\u00e1s con la crisis de vocaciones, pues hay s\u00f3lo doce mil obispos, cuyo promedio de edad es de 60 a\u00f1os.<\/p>\n<p class=\"ecxMsoNormal\">En su charla en el foro \u201cPederastia. \u00bfUn secreto a voces?\u201d, organizado por el CUCSH, el investigador asegur\u00f3 que la iglesia cat\u00f3lica antepone su prestigio a la v\u00edctima e incluso, quien denuncia un caso de abuso es estigmatizado, y hasta corre el riesgo de ser excomulgado.<\/p>\n<p class=\"ecxMsoNormal\">Refiri\u00f3 que la iglesia no habla de estos casos no s\u00f3lo por su inter\u00e9s de no perder su prestigio y benefactores, sino por evitar las indemnizaciones a las que tienen derecho las v\u00edctimas.<\/p>\n<p class=\"ecxMsoNormal\">El coordinador del Laboratorio de Estudios sobre Violencia del CUCSH, doctor David Coronado, dio a conocer un estudio en el que analizaron algunas denuncias de pederastia clerical en tres estados de la rep\u00fablica y en el que, dijo, se encontraron m\u00e1s casos de los que pensaban, pues el tema es muy conocido entre los mismos feligreses de las iglesias.<\/p>\n<p class=\"ecxMsoNormal\">En la investigaci\u00f3n el acad\u00e9mico realiz\u00f3 491 entrevistas, adem\u00e1s de localizar a algunas de las v\u00edctimas, una tarea que en ocasiones fue complicada, pues muchos de ellos no quieren hablar del tema, o simplemente desaparecieron. Otros m\u00e1s abandonaron la fe cat\u00f3lica y se involucraron en otra religi\u00f3n.<\/p>\n","protected":false},"excerpt":{"rendered":"<p>La situaci\u00f3n de la pederastia clerical en M\u00e9xico es grave, pues hay un encubrimiento por parte de las autoridades eclesiales y de las instituciones que imparten justicia en el pa\u00eds, afirm\u00f3 el investigador de la\u00a0Escuela Nacional de Antropolog\u00eda e Historia, doctor Elio Masferrer Kan, quien particip\u00f3 como invitado en un foro acerca de este tema, &hellip; <\/p>\n<p><a class=\"more-link btn\" href=\"https:\/\/lamendigapolitica.com\/?p=37678\">Seguir leyendo<\/a><\/p>\n","protected":false},"author":1,"featured_media":0,"comment_status":"open","ping_status":"closed","sticky":false,"template":"","format":"standard","meta":{"footnotes":""},"categories":[26,28,20,3,21],"tags":[],"class_list":["post-37678","post","type-post","status-publish","format-standard","hentry","category-cultura","category-educacion","category-gobierno","category-politica","category-religion","item-wrap"],"_links":{"self":[{"href":"https:\/\/lamendigapolitica.com\/index.php?rest_route=\/wp\/v2\/posts\/37678","targetHints":{"allow":["GET"]}}],"collection":[{"href":"https:\/\/lamendigapolitica.com\/index.php?rest_route=\/wp\/v2\/posts"}],"about":[{"href":"https:\/\/lamendigapolitica.com\/index.php?rest_route=\/wp\/v2\/types\/post"}],"author":[{"embeddable":true,"href":"https:\/\/lamendigapolitica.com\/index.php?rest_route=\/wp\/v2\/users\/1"}],"replies":[{"embeddable":true,"href":"https:\/\/lamendigapolitica.com\/index.php?rest_route=%2Fwp%2Fv2%2Fcomments&post=37678"}],"version-history":[{"count":2,"href":"https:\/\/lamendigapolitica.com\/index.php?rest_route=\/wp\/v2\/posts\/37678\/revisions"}],"predecessor-version":[{"id":37681,"href":"https:\/\/lamendigapolitica.com\/index.php?rest_route=\/wp\/v2\/posts\/37678\/revisions\/37681"}],"wp:attachment":[{"href":"https:\/\/lamendigapolitica.com\/index.php?rest_route=%2Fwp%2Fv2%2Fmedia&parent=37678"}],"wp:term":[{"taxonomy":"category","embeddable":true,"href":"https:\/\/lamendigapolitica.com\/index.php?rest_route=%2Fwp%2Fv2%2Fcategories&post=37678"},{"taxonomy":"post_tag","embeddable":true,"href":"https:\/\/lamendigapolitica.com\/index.php?rest_route=%2Fwp%2Fv2%2Ftags&post=37678"}],"curies":[{"name":"wp","href":"https:\/\/api.w.org\/{rel}","templated":true}]}}