{"id":37665,"date":"2016-06-23T12:27:18","date_gmt":"2016-06-23T17:27:18","guid":{"rendered":"http:\/\/lamendigapolitica.com\/blog\/?p=37665"},"modified":"2016-06-23T12:27:18","modified_gmt":"2016-06-23T17:27:18","slug":"corte-de-eu-bloquea-plan-migratorio-de-obama","status":"publish","type":"post","link":"https:\/\/lamendigapolitica.com\/?p=37665","title":{"rendered":"Corte de EU bloquea plan migratorio de Obama"},"content":{"rendered":"<p><a href=\"https:\/\/lamendigapolitica.com\/blog\/blog\/wp-content\/uploads\/2016\/06\/obama-1.jpg\" rel=\"attachment wp-att-37666\"><img loading=\"lazy\" decoding=\"async\" class=\"aligncenter wp-image-37666 size-full\" src=\"https:\/\/lamendigapolitica.com\/blog\/blog\/wp-content\/uploads\/2016\/06\/obama-1.jpg\" alt=\"obama\" width=\"273\" height=\"185\" \/><\/a><\/p>\n<p>&nbsp;<\/p>\n<p>Cuatro jueces votaron a favor del plan y otros cuatro votaron en contra. En concreto, la votaci\u00f3n anula la iniciativa al menos durante la presidencia de Obama, la iniciativa del presidente Barack Obama de proteger a millones de inmigrantes de ser deportados qued\u00f3 frustrada el d\u00eda de hoy. El sentencia est\u00e1 dictada por un tribunal dividido a partes iguales\u00bb,\u00a0 indica una breve notificaci\u00f3n judicial, en la que los jueces no explican los motivos de la decisi\u00f3n sobre las medidas migratorias de Obama, bloqueadas el pasado febrero, un d\u00eda antes de su entrada en vigor, a petici\u00f3n de 26 estados liderados por Texas y en su mayor\u00eda con gobernadores republicanos.<\/p>\n<p>&nbsp;<\/p>\n<p>Una votaci\u00f3n empatada no deja precedente, pero deja en efecto la decisi\u00f3n del tribunal inferior. En este caso, el tribunal federal de apelaciones de Nueva Orle\u00e1ns hab\u00eda dicho que el gobierno no ten\u00eda la autoridad de proteger a unos 4 millones de inmigrantes con la posibilidad de darles permisos de trabajo sin la aprobaci\u00f3n del Congreso.<\/p>\n<p>&nbsp;<\/p>\n<p>Texas lider\u00f3 un grupo de 26 estados con gobiernos republicanos que demandaron al gobierno federal en torno a la iniciativa anunciada en noviembre del 2014. Los republicanos en el Congreso tambi\u00e9n apoyaron la demanda de los estados. Como consecuencia, podr\u00edan interponerse demandas en los distritos judiciales en los que no tiene competencia la Corte Federal de Apelaciones del Quinto Circuito, es decir, en todo el pa\u00eds menos en los estados de Luisiana, Misisipi y Texas.<\/p>\n<p>&nbsp;<\/p>\n<p>La decisi\u00f3n hace posible que individuos presenten demandas en otras partes del pa\u00eds pero no est\u00e1 claro c\u00f3mo reaccionar\u00edan estas cortes. No est\u00e1 claro si respetar\u00edan la decisi\u00f3n de la Corte de Apelaciones del Quinto Circuito o si fallar\u00edan en otro sentido. Francamente este fallo genera mucha confusi\u00f3n legal\u00bb, se\u00f1al\u00f3 Gorod. Los demandantes pueden de nuevo buscar el amparo del alto tribunal en el pr\u00f3ximo periodo de sesiones de la Corte, desde octubre de 2016 a junio de 2017.<\/p>\n","protected":false},"excerpt":{"rendered":"<p>&nbsp; Cuatro jueces votaron a favor del plan y otros cuatro votaron en contra. En concreto, la votaci\u00f3n anula la iniciativa al menos durante la presidencia de Obama, la iniciativa del presidente Barack Obama de proteger a millones de inmigrantes de ser deportados qued\u00f3 frustrada el d\u00eda de hoy. El sentencia est\u00e1 dictada por un &hellip; <\/p>\n<p><a class=\"more-link btn\" href=\"https:\/\/lamendigapolitica.com\/?p=37665\">Seguir leyendo<\/a><\/p>\n","protected":false},"author":1,"featured_media":0,"comment_status":"open","ping_status":"closed","sticky":false,"template":"","format":"standard","meta":{"footnotes":""},"categories":[6,20,31,5,3,27,22],"tags":[],"class_list":["post-37665","post","type-post","status-publish","format-standard","hentry","category-congreso","category-gobierno","category-internacional","category-partidos","category-politica","category-seguridad","category-sociales","item-wrap"],"_links":{"self":[{"href":"https:\/\/lamendigapolitica.com\/index.php?rest_route=\/wp\/v2\/posts\/37665","targetHints":{"allow":["GET"]}}],"collection":[{"href":"https:\/\/lamendigapolitica.com\/index.php?rest_route=\/wp\/v2\/posts"}],"about":[{"href":"https:\/\/lamendigapolitica.com\/index.php?rest_route=\/wp\/v2\/types\/post"}],"author":[{"embeddable":true,"href":"https:\/\/lamendigapolitica.com\/index.php?rest_route=\/wp\/v2\/users\/1"}],"replies":[{"embeddable":true,"href":"https:\/\/lamendigapolitica.com\/index.php?rest_route=%2Fwp%2Fv2%2Fcomments&post=37665"}],"version-history":[{"count":1,"href":"https:\/\/lamendigapolitica.com\/index.php?rest_route=\/wp\/v2\/posts\/37665\/revisions"}],"predecessor-version":[{"id":37667,"href":"https:\/\/lamendigapolitica.com\/index.php?rest_route=\/wp\/v2\/posts\/37665\/revisions\/37667"}],"wp:attachment":[{"href":"https:\/\/lamendigapolitica.com\/index.php?rest_route=%2Fwp%2Fv2%2Fmedia&parent=37665"}],"wp:term":[{"taxonomy":"category","embeddable":true,"href":"https:\/\/lamendigapolitica.com\/index.php?rest_route=%2Fwp%2Fv2%2Fcategories&post=37665"},{"taxonomy":"post_tag","embeddable":true,"href":"https:\/\/lamendigapolitica.com\/index.php?rest_route=%2Fwp%2Fv2%2Ftags&post=37665"}],"curies":[{"name":"wp","href":"https:\/\/api.w.org\/{rel}","templated":true}]}}