{"id":37595,"date":"2016-06-21T09:45:05","date_gmt":"2016-06-21T14:45:05","guid":{"rendered":"http:\/\/lamendigapolitica.com\/blog\/?p=37595"},"modified":"2016-06-21T09:45:05","modified_gmt":"2016-06-21T14:45:05","slug":"corea-del-norte-despliega-misil-de-medio-alcance","status":"publish","type":"post","link":"https:\/\/lamendigapolitica.com\/?p=37595","title":{"rendered":"Corea del Norte despliega misil de medio alcance"},"content":{"rendered":"<p><a href=\"https:\/\/lamendigapolitica.com\/blog\/blog\/?attachment_id=37596\" rel=\"attachment wp-att-37596\"><img loading=\"lazy\" decoding=\"async\" class=\"aligncenter size-full wp-image-37596\" src=\"https:\/\/lamendigapolitica.com\/blog\/blog\/wp-content\/uploads\/2016\/06\/corea.jpg\" alt=\"corea\" width=\"268\" height=\"188\" \/><\/a><\/p>\n<p>&nbsp;<\/p>\n<p>Jap\u00f3n se encuentra en estado de m\u00e1xima alerta, luego que Corea del Norte despleg\u00f3 un misil bal\u00edstico de alcance intermedio en su costa este, con la posibilidad de que prepare su lanzamiento en fecha pr\u00f3xima. El lanzamiento del misil tipo Musadan, podr\u00eda tener lugar este s\u00e1bado 25, aniversario del estallido de la Guerra de Corea (1950-53) o el 29 de junio, cuando el Norte tiene previsto la celebraci\u00f3n de la Asamblea Popular Suprema.<\/p>\n<p>&nbsp;<\/p>\n<p>El ej\u00e9rcito y la marina japonesa recibieron instrucciones de derribar cualquier proyectil que se dirija hacia Jap\u00f3n, se\u00f1al\u00f3 el ministro de Defensa de Jap\u00f3n, Gen Nakatani. El gobierno de Tokio orden\u00f3 a sus destructores navales y sus sistemas antibal\u00edsticos Patriot a prepararse en caso de que el ej\u00e9rcito norcoreano lance un proyectil en contra de su territorio. La tensi\u00f3n en la regi\u00f3n se intensific\u00f3 desde que Corea del Norte realiz\u00f3 su cuarta prueba nuclear en enero y a partir de que lanz\u00f3 un sat\u00e9lite presuntamente militar al espacio.<\/p>\n<p>&nbsp;<\/p>\n<p>El gobierno norcoreano tambi\u00e9n orden\u00f3 a su ej\u00e9rcito realizar varios lanzamientos prueba de misiles, de los cuales el m\u00e1s reciente fue en mayo. En abril, los norcoreanos realizaron otros tres fallidos intentos de lanzamiento de misiles Musadan. Jap\u00f3n ya ha puesto a sus fuerzas antimisiles en alerta varias veces este a\u00f1o debido a presuntas amenazas por parte de Corea del Norte, reportaron medios de comunicaci\u00f3n japoneses, incluyendo Kyodo y la cadena p\u00fablica NHK.<\/p>\n<p>&nbsp;<\/p>\n<p>Por su parte, la agencia de noticias Yonhap de Corea del Sur, citando a una fuente gubernamental no identificada, dijo que el Norte movi\u00f3 un misil Musudan de alcance medio a su costa este, pero no parec\u00eda haber ninguna se\u00f1al de un inminente lanzamiento. De registrarse el lanzamiento, ser\u00eda un nuevo intento de Corea del Norte para intimidar a sus vecinos con su programa de armas nucleares en curso, cuyo objetivo final es desarrollar un misil que pueda legar a Estados Unidos.<\/p>\n","protected":false},"excerpt":{"rendered":"<p>&nbsp; Jap\u00f3n se encuentra en estado de m\u00e1xima alerta, luego que Corea del Norte despleg\u00f3 un misil bal\u00edstico de alcance intermedio en su costa este, con la posibilidad de que prepare su lanzamiento en fecha pr\u00f3xima. El lanzamiento del misil tipo Musadan, podr\u00eda tener lugar este s\u00e1bado 25, aniversario del estallido de la Guerra de &hellip; <\/p>\n<p><a class=\"more-link btn\" href=\"https:\/\/lamendigapolitica.com\/?p=37595\">Seguir leyendo<\/a><\/p>\n","protected":false},"author":1,"featured_media":0,"comment_status":"open","ping_status":"closed","sticky":false,"template":"","format":"standard","meta":{"footnotes":""},"categories":[20,31,27],"tags":[],"class_list":["post-37595","post","type-post","status-publish","format-standard","hentry","category-gobierno","category-internacional","category-seguridad","item-wrap"],"_links":{"self":[{"href":"https:\/\/lamendigapolitica.com\/index.php?rest_route=\/wp\/v2\/posts\/37595","targetHints":{"allow":["GET"]}}],"collection":[{"href":"https:\/\/lamendigapolitica.com\/index.php?rest_route=\/wp\/v2\/posts"}],"about":[{"href":"https:\/\/lamendigapolitica.com\/index.php?rest_route=\/wp\/v2\/types\/post"}],"author":[{"embeddable":true,"href":"https:\/\/lamendigapolitica.com\/index.php?rest_route=\/wp\/v2\/users\/1"}],"replies":[{"embeddable":true,"href":"https:\/\/lamendigapolitica.com\/index.php?rest_route=%2Fwp%2Fv2%2Fcomments&post=37595"}],"version-history":[{"count":1,"href":"https:\/\/lamendigapolitica.com\/index.php?rest_route=\/wp\/v2\/posts\/37595\/revisions"}],"predecessor-version":[{"id":37597,"href":"https:\/\/lamendigapolitica.com\/index.php?rest_route=\/wp\/v2\/posts\/37595\/revisions\/37597"}],"wp:attachment":[{"href":"https:\/\/lamendigapolitica.com\/index.php?rest_route=%2Fwp%2Fv2%2Fmedia&parent=37595"}],"wp:term":[{"taxonomy":"category","embeddable":true,"href":"https:\/\/lamendigapolitica.com\/index.php?rest_route=%2Fwp%2Fv2%2Fcategories&post=37595"},{"taxonomy":"post_tag","embeddable":true,"href":"https:\/\/lamendigapolitica.com\/index.php?rest_route=%2Fwp%2Fv2%2Ftags&post=37595"}],"curies":[{"name":"wp","href":"https:\/\/api.w.org\/{rel}","templated":true}]}}