{"id":37592,"date":"2016-06-21T09:43:09","date_gmt":"2016-06-21T14:43:09","guid":{"rendered":"http:\/\/lamendigapolitica.com\/blog\/?p=37592"},"modified":"2016-06-21T09:43:09","modified_gmt":"2016-06-21T14:43:09","slug":"pablo-gomez-no-se-descarta-para-el-prd","status":"publish","type":"post","link":"https:\/\/lamendigapolitica.com\/?p=37592","title":{"rendered":"Pablo G\u00f3mez no se descarta para el PRD"},"content":{"rendered":"<p><a href=\"https:\/\/lamendigapolitica.com\/blog\/blog\/?attachment_id=37593\" rel=\"attachment wp-att-37593\"><img loading=\"lazy\" decoding=\"async\" class=\"aligncenter size-full wp-image-37593\" src=\"https:\/\/lamendigapolitica.com\/blog\/blog\/wp-content\/uploads\/2016\/06\/Pablo-Gomez.jpg\" alt=\"Pablo G[omez\" width=\"282\" height=\"179\" \/><\/a><\/p>\n<p>&nbsp;<\/p>\n<p>La \u201ccrisis\u201d que vive el PRD no se soluciona colocando a una u otra persona al frente de la dirigencia nacional, sino construyendo acuerdos pol\u00edticos que deriven en la elecci\u00f3n de un grupo que garantice una direcci\u00f3n comprometida con los ideales del partido, afirm\u00f3 el perredista Pablo G\u00f3mez \u00c1lvarez .<\/p>\n<p>&nbsp;<\/p>\n<p>\u201cNo s\u00f3lo hay que buscar a un candidato; hay que buscar a un grupo de personas que se hagan cargo de la direcci\u00f3n del partido; no de personas que representen a otras personas (a una expresi\u00f3n), sino de personas que se representen as\u00ed mismas; un n\u00facleo de direcci\u00f3n. Eso es lo que le ha faltado al partido\u201d, diagnostic\u00f3 en una entrevista publicada en\u00a0 24 HORAS.<\/p>\n<p>&nbsp;<\/p>\n<p>G\u00f3mez \u00c1lvarez consider\u00f3 que el fracaso electoral del Sol Azteca el 5 de junio pasado se debi\u00f3 a la \u201cdivisi\u00f3n interna\u201d y a que las llamadas tribus no trabajan por un proyecto com\u00fan.\u201cEn el tema de la presidencia no se inicia ni se agota la crisis del partido; la crisis del partido es muy compleja. Requiere un nuevo acuerdo entre los grupos. Lo que hay que ubicar en estas semanas es un acuerdo pol\u00edtico para que la l\u00ednea del partido, la que fue aprobada en el Congreso, se aplique a todo y sin excepci\u00f3n\u201d, consider\u00f3.<\/p>\n<p>&nbsp;<\/p>\n<p>Y una de las primeras acciones que debe instrumentar el nuevo dirigente, agreg\u00f3, es reducir el n\u00famero de integrantes del Comit\u00e9 Ejecutivo Nacional (CEN) para dirigir el sol azteca con un \u201csentido pr\u00e1ctico\u201d. Cabe destacar que, luego de que se formaliz\u00f3 la renuncia de Agust\u00edn Basave Ben\u00edtez a la dirigencia nacional del PRD, las diferentes expresiones del partido barajaron el nombre de Pablo G\u00f3mez \u2013uno de los fundadores del PRD \u2014 como el perfil que puede generar consenso entre las corrientes para elegirlo dirigente nacional rumbo a la organizaci\u00f3n de las elecciones presidenciales de 2018.<\/p>\n<p>&nbsp;<\/p>\n<p>Cuestionado sobre si \u00e9l podr\u00eda encabezar el grupo para liderar el partido afirm\u00f3 que \u201ceso habr\u00eda que hablarlo. Yo no s\u00e9 si pueda. No depende solamente de mi, depende de los dem\u00e1s\u201d; sin embargo, se\u00f1al\u00f3 que \u201cnunca me he descartado. No es un problema de descartes o encartes, es un problema de acuerdos. Si hay la posibilidad de un acuerdo se pueden arreglar muchas cosas, si mantenemos los desacuerdos no se puede arreglar nada\u201d.<\/p>\n","protected":false},"excerpt":{"rendered":"<p>&nbsp; La \u201ccrisis\u201d que vive el PRD no se soluciona colocando a una u otra persona al frente de la dirigencia nacional, sino construyendo acuerdos pol\u00edticos que deriven en la elecci\u00f3n de un grupo que garantice una direcci\u00f3n comprometida con los ideales del partido, afirm\u00f3 el perredista Pablo G\u00f3mez \u00c1lvarez . &nbsp; \u201cNo s\u00f3lo hay &hellip; <\/p>\n<p><a class=\"more-link btn\" href=\"https:\/\/lamendigapolitica.com\/?p=37592\">Seguir leyendo<\/a><\/p>\n","protected":false},"author":1,"featured_media":0,"comment_status":"open","ping_status":"closed","sticky":false,"template":"","format":"standard","meta":{"footnotes":""},"categories":[6,20,5,3],"tags":[],"class_list":["post-37592","post","type-post","status-publish","format-standard","hentry","category-congreso","category-gobierno","category-partidos","category-politica","item-wrap"],"_links":{"self":[{"href":"https:\/\/lamendigapolitica.com\/index.php?rest_route=\/wp\/v2\/posts\/37592","targetHints":{"allow":["GET"]}}],"collection":[{"href":"https:\/\/lamendigapolitica.com\/index.php?rest_route=\/wp\/v2\/posts"}],"about":[{"href":"https:\/\/lamendigapolitica.com\/index.php?rest_route=\/wp\/v2\/types\/post"}],"author":[{"embeddable":true,"href":"https:\/\/lamendigapolitica.com\/index.php?rest_route=\/wp\/v2\/users\/1"}],"replies":[{"embeddable":true,"href":"https:\/\/lamendigapolitica.com\/index.php?rest_route=%2Fwp%2Fv2%2Fcomments&post=37592"}],"version-history":[{"count":1,"href":"https:\/\/lamendigapolitica.com\/index.php?rest_route=\/wp\/v2\/posts\/37592\/revisions"}],"predecessor-version":[{"id":37594,"href":"https:\/\/lamendigapolitica.com\/index.php?rest_route=\/wp\/v2\/posts\/37592\/revisions\/37594"}],"wp:attachment":[{"href":"https:\/\/lamendigapolitica.com\/index.php?rest_route=%2Fwp%2Fv2%2Fmedia&parent=37592"}],"wp:term":[{"taxonomy":"category","embeddable":true,"href":"https:\/\/lamendigapolitica.com\/index.php?rest_route=%2Fwp%2Fv2%2Fcategories&post=37592"},{"taxonomy":"post_tag","embeddable":true,"href":"https:\/\/lamendigapolitica.com\/index.php?rest_route=%2Fwp%2Fv2%2Ftags&post=37592"}],"curies":[{"name":"wp","href":"https:\/\/api.w.org\/{rel}","templated":true}]}}