{"id":37583,"date":"2016-06-20T22:33:46","date_gmt":"2016-06-21T03:33:46","guid":{"rendered":"http:\/\/lamendigapolitica.com\/blog\/?p=37583"},"modified":"2016-06-20T22:33:46","modified_gmt":"2016-06-21T03:33:46","slug":"manlio-fabio-beltrones-renuncia-a-la-dirigencia-nacional-del-pri","status":"publish","type":"post","link":"https:\/\/lamendigapolitica.com\/?p=37583","title":{"rendered":"Manlio Fabio Beltrones renuncia a la dirigencia nacional del PRI"},"content":{"rendered":"<p><a href=\"https:\/\/lamendigapolitica.com\/blog\/blog\/?attachment_id=37584\" rel=\"attachment wp-att-37584\"><img loading=\"lazy\" decoding=\"async\" class=\"aligncenter size-full wp-image-37584\" src=\"https:\/\/lamendigapolitica.com\/blog\/blog\/wp-content\/uploads\/2016\/06\/manlio.jpg\" alt=\"manlio\" width=\"275\" height=\"183\" \/><\/a><\/p>\n<p>&nbsp;<\/p>\n<p>Luego de que Manlio Fabio Beltrones, hizo un balance del partido tras las elecciones del 5 de junio y el rumbo a tomar rumbo al 2018 \u00a0anunci\u00f3 su renuncia a la presidencia nacional del Partido Revolucionario Institucional . \u201cLa vida y la pol\u00edtica imponen retos que no siempre est\u00e1 en manos de uno resolver; pero hay que asumir con responsabilidad las consecuencias. Por ello, en congruencia con mi compromiso de servicio que asum\u00ed al tomar posesi\u00f3n al cargo, hoy presento mi renuncia ante esta Comisi\u00f3n Pol\u00edtica Permanente\u00bb, dijo.<\/p>\n<p>&nbsp;<\/p>\n<p>\u201cEs necesario corregir errores y sancionar conductas\u2026 es necesario atender las demandas de castigo que se exigen\u201d, se\u00f1al\u00f3 en su mensaje al hablar del panorama electoral e interno del partido Advirti\u00f3 ser \u201cun hombre al que desde peque\u00f1o le inculcaron valores\u201d, por lo que en este momento era \u201cnecesario hacer una pauta\u201d.<\/p>\n<p>&nbsp;<\/p>\n<p>Lo importante es defender un proyecto, dijo \u201clas reformas transformadoras han recibido reconocimiento entre nosotros y tambi\u00e9n a nivel internacional\u201d. Se mostr\u00f3 convencido de que al interior del revolucionario institucional \u00abdebemos coordinarnos con las fracciones del PRI en el Congreso, para lograr una posici\u00f3n com\u00fan en los temas que preocupan a la sociedad\u00bb y dijo \u00a0este a\u00f1o fueron testigos del extrav\u00edo de algunas corrientes pol\u00edticas.<\/p>\n<p>&nbsp;<\/p>\n<p>Lo que est\u00e1 en juego es el proyecto de naci\u00f3n, el M\u00e9xico que queremos para nosotros y nuestros hijos y no la numeralia electoral&#8230; es momento de enfatizar nuestras diferencias\u00bb. Asever\u00f3 que \u00abel PRI debe cuidarse de no cometer errores en alianzas oportunistas\u00bb.<\/p>\n","protected":false},"excerpt":{"rendered":"<p>&nbsp; Luego de que Manlio Fabio Beltrones, hizo un balance del partido tras las elecciones del 5 de junio y el rumbo a tomar rumbo al 2018 \u00a0anunci\u00f3 su renuncia a la presidencia nacional del Partido Revolucionario Institucional . \u201cLa vida y la pol\u00edtica imponen retos que no siempre est\u00e1 en manos de uno resolver; &hellip; <\/p>\n<p><a class=\"more-link btn\" href=\"https:\/\/lamendigapolitica.com\/?p=37583\">Seguir leyendo<\/a><\/p>\n","protected":false},"author":1,"featured_media":0,"comment_status":"open","ping_status":"closed","sticky":false,"template":"","format":"standard","meta":{"footnotes":""},"categories":[6,20,5,3],"tags":[],"class_list":["post-37583","post","type-post","status-publish","format-standard","hentry","category-congreso","category-gobierno","category-partidos","category-politica","item-wrap"],"_links":{"self":[{"href":"https:\/\/lamendigapolitica.com\/index.php?rest_route=\/wp\/v2\/posts\/37583","targetHints":{"allow":["GET"]}}],"collection":[{"href":"https:\/\/lamendigapolitica.com\/index.php?rest_route=\/wp\/v2\/posts"}],"about":[{"href":"https:\/\/lamendigapolitica.com\/index.php?rest_route=\/wp\/v2\/types\/post"}],"author":[{"embeddable":true,"href":"https:\/\/lamendigapolitica.com\/index.php?rest_route=\/wp\/v2\/users\/1"}],"replies":[{"embeddable":true,"href":"https:\/\/lamendigapolitica.com\/index.php?rest_route=%2Fwp%2Fv2%2Fcomments&post=37583"}],"version-history":[{"count":1,"href":"https:\/\/lamendigapolitica.com\/index.php?rest_route=\/wp\/v2\/posts\/37583\/revisions"}],"predecessor-version":[{"id":37585,"href":"https:\/\/lamendigapolitica.com\/index.php?rest_route=\/wp\/v2\/posts\/37583\/revisions\/37585"}],"wp:attachment":[{"href":"https:\/\/lamendigapolitica.com\/index.php?rest_route=%2Fwp%2Fv2%2Fmedia&parent=37583"}],"wp:term":[{"taxonomy":"category","embeddable":true,"href":"https:\/\/lamendigapolitica.com\/index.php?rest_route=%2Fwp%2Fv2%2Fcategories&post=37583"},{"taxonomy":"post_tag","embeddable":true,"href":"https:\/\/lamendigapolitica.com\/index.php?rest_route=%2Fwp%2Fv2%2Ftags&post=37583"}],"curies":[{"name":"wp","href":"https:\/\/api.w.org\/{rel}","templated":true}]}}