{"id":37579,"date":"2016-06-20T16:07:41","date_gmt":"2016-06-20T21:07:41","guid":{"rendered":"http:\/\/lamendigapolitica.com\/blog\/?p=37579"},"modified":"2016-06-20T16:07:41","modified_gmt":"2016-06-20T21:07:41","slug":"jalisco-y-alemania-una-relacion-en-constante","status":"publish","type":"post","link":"https:\/\/lamendigapolitica.com\/?p=37579","title":{"rendered":"Jalisco y Alemania, una relaci\u00f3n en constante"},"content":{"rendered":"<p><a href=\"https:\/\/lamendigapolitica.com\/blog\/blog\/?attachment_id=37580\" rel=\"attachment wp-att-37580\"><img loading=\"lazy\" decoding=\"async\" class=\"aligncenter  wp-image-37580\" src=\"https:\/\/lamendigapolitica.com\/blog\/blog\/wp-content\/uploads\/2016\/06\/27189345083_c2797938af_z.jpg\" alt=\"27189345083_c2797938af_z\" width=\"333\" height=\"222\" srcset=\"https:\/\/lamendigapolitica.com\/wp-content\/uploads\/2016\/06\/27189345083_c2797938af_z.jpg 640w, https:\/\/lamendigapolitica.com\/wp-content\/uploads\/2016\/06\/27189345083_c2797938af_z-300x200.jpg 300w\" sizes=\"auto, (max-width: 333px) 100vw, 333px\" \/><\/a><\/p>\n<p>&nbsp;<\/p>\n<p>Arist\u00f3teles Sandoval, se reuni\u00f3 con autoridades y empresarios teutones, a fin de concretar acuerdos e iniciativas vinculadas al fortalecimiento econ\u00f3mico entre ambos pa\u00edses, donde Jalisco perfila en su plan de crecimiento comercial, esto en el marco del Bilateral Business Summit 2016 M\u00e9xico-Alemania, que se lleva a cabo por primera vez en Jalisco este 20 y 21 de junio.<\/p>\n<p>&nbsp;<\/p>\n<p>El jefe del Ejecutivo estatal destac\u00f3 que Alemania y Jalisco adem\u00e1s de crecer su relaci\u00f3n institucional y econ\u00f3mica por medio de importantes inversiones en la entidad, tienen objetivos de trabajo en com\u00fan: combatir la desigualdad, compartir la prosperidad y generar condiciones para que las personas alcancen su desarrollo pleno. \u201cPorque principalmente pensamos en la persona y creemos que si este desarrollo tecnol\u00f3gico-innovador, a trav\u00e9s de estos nuevos sistemas, llegan al bienestar de las\u00a0 personas, estaremos combatiendo la desigualdad y sobretodo impulsando un mundo mejor, un mundo m\u00e1s igualitario en todas las regiones del hemisferio\u201d, sostuvo Sandoval.<\/p>\n<p>Resalt\u00f3 a la comitiva alemana el liderazgo que ocupa Jalisco en la captaci\u00f3n de inversiones extranjeras directas, su crecimiento exponencial en los sectores de la tecnolog\u00eda y la informaci\u00f3n, en el campo como Gigante Agroalimentario de M\u00e9xico, as\u00ed como su apertura comercial con otras naciones del mundo. Asimismo, destac\u00f3 la importancia del Bilateral Business Summit 2016 M\u00e9xico\u2013Alemania, para la entidad, ya que ser\u00e1 un evento fundamental en las acciones a emprender para hacer frente a los desaf\u00edos econ\u00f3micos y sociales de un mundo globalizado.<\/p>\n<p>&nbsp;<\/p>\n<p>\u201cEste es el esp\u00edritu de esta cumbre, que hoy nos re\u00fane en torno a los desaf\u00edos de un mundo en el que la tecnolog\u00eda y las comunicaciones sirven precisamente para tender puentes, acercar a las personas y borrar fronteras\u201d, destac\u00f3 el Gobernador de Jalisco.<\/p>\n","protected":false},"excerpt":{"rendered":"<p>&nbsp; Arist\u00f3teles Sandoval, se reuni\u00f3 con autoridades y empresarios teutones, a fin de concretar acuerdos e iniciativas vinculadas al fortalecimiento econ\u00f3mico entre ambos pa\u00edses, donde Jalisco perfila en su plan de crecimiento comercial, esto en el marco del Bilateral Business Summit 2016 M\u00e9xico-Alemania, que se lleva a cabo por primera vez en Jalisco este 20 &hellip; <\/p>\n<p><a class=\"more-link btn\" href=\"https:\/\/lamendigapolitica.com\/?p=37579\">Seguir leyendo<\/a><\/p>\n","protected":false},"author":1,"featured_media":0,"comment_status":"open","ping_status":"closed","sticky":false,"template":"","format":"standard","meta":{"footnotes":""},"categories":[6,20,27,22],"tags":[],"class_list":["post-37579","post","type-post","status-publish","format-standard","hentry","category-congreso","category-gobierno","category-seguridad","category-sociales","item-wrap"],"_links":{"self":[{"href":"https:\/\/lamendigapolitica.com\/index.php?rest_route=\/wp\/v2\/posts\/37579","targetHints":{"allow":["GET"]}}],"collection":[{"href":"https:\/\/lamendigapolitica.com\/index.php?rest_route=\/wp\/v2\/posts"}],"about":[{"href":"https:\/\/lamendigapolitica.com\/index.php?rest_route=\/wp\/v2\/types\/post"}],"author":[{"embeddable":true,"href":"https:\/\/lamendigapolitica.com\/index.php?rest_route=\/wp\/v2\/users\/1"}],"replies":[{"embeddable":true,"href":"https:\/\/lamendigapolitica.com\/index.php?rest_route=%2Fwp%2Fv2%2Fcomments&post=37579"}],"version-history":[{"count":1,"href":"https:\/\/lamendigapolitica.com\/index.php?rest_route=\/wp\/v2\/posts\/37579\/revisions"}],"predecessor-version":[{"id":37581,"href":"https:\/\/lamendigapolitica.com\/index.php?rest_route=\/wp\/v2\/posts\/37579\/revisions\/37581"}],"wp:attachment":[{"href":"https:\/\/lamendigapolitica.com\/index.php?rest_route=%2Fwp%2Fv2%2Fmedia&parent=37579"}],"wp:term":[{"taxonomy":"category","embeddable":true,"href":"https:\/\/lamendigapolitica.com\/index.php?rest_route=%2Fwp%2Fv2%2Fcategories&post=37579"},{"taxonomy":"post_tag","embeddable":true,"href":"https:\/\/lamendigapolitica.com\/index.php?rest_route=%2Fwp%2Fv2%2Ftags&post=37579"}],"curies":[{"name":"wp","href":"https:\/\/api.w.org\/{rel}","templated":true}]}}