{"id":37576,"date":"2016-06-20T15:46:17","date_gmt":"2016-06-20T20:46:17","guid":{"rendered":"http:\/\/lamendigapolitica.com\/blog\/?p=37576"},"modified":"2016-06-20T15:46:17","modified_gmt":"2016-06-20T20:46:17","slug":"reforma-roja","status":"publish","type":"post","link":"https:\/\/lamendigapolitica.com\/?p=37576","title":{"rendered":"Reforma roja&#8230;"},"content":{"rendered":"<p><a href=\"https:\/\/lamendigapolitica.com\/blog\/blog\/wp-content\/uploads\/2016\/06\/guero11-2.jpg\" rel=\"attachment wp-att-37577\"><img loading=\"lazy\" decoding=\"async\" class=\"alignleft size-thumbnail wp-image-37577\" src=\"https:\/\/lamendigapolitica.com\/blog\/blog\/wp-content\/uploads\/2016\/06\/guero11-2-150x150.jpg\" alt=\"guero11\" width=\"150\" height=\"150\" \/><\/a><\/p>\n<h3><span style=\"color: #000080;\">CAVILANDO ANDO\/Alfonso Garc\u00eda Sevilla<\/span><\/h3>\n<p>Amanecemos con la lamentable noticia del violento desalojo de maestros y organizaciones sociales adheridas a su movimiento, por parte de la polic\u00eda federal en Oaxaca, de las carreteras que hab\u00edan tomado en protesta por la reforma educativa y el encarcelamiento de los l\u00edderes de la CNTE. Este hecho arroja 6 muertos y alrededor de 50 heridos.<\/p>\n<p>Esto se suma a las m\u00faltiples protestas que desde que se aprob\u00f3 la reforma antes mencionada se han dado a lo largo y ancho del pa\u00eds por las evaluaciones a los docentes, m\u00e1s all\u00e1 de buscar cambios en un modelo que forme ciudadanos responsables y busque el pleno desarrollo de las potencialidades del educando.<\/p>\n<p>Al ser la educaci\u00f3n un aspecto fundamental en el desarrollo de un pa\u00eds no me explico\u00a0aun la falta de voluntad e inteligencia por parte del gobierno federal para desarmar de forma pac\u00edfica los conflictos generados con los maestros. Si a ello le sumamos los recortes presupuestales al rubro educativo, podemos afirmar la poca importancia que reviste este tema en los Pinos.<\/p>\n<p class=\"ecxMsoNormal\">Violencia siempre va a generar m\u00e1s violencia. Ahora veamos las movilizaciones magisteriales por todo el pa\u00eds para reprochar lo ocurrido en Oaxaca, m\u00e1s marchas de odio de un gremio que deber\u00eda estar m\u00e1s ocupado en la formaci\u00f3n de los futuros ciudadanos que tomando carreteras por las evaluaciones a las cuales 15 mil maestros se han negado a presentarlas.<\/p>\n<p class=\"ecxMsoNormal\">Esperemos que quepa la cordura y se evite a toda costa m\u00e1s brotes de violencia, que el gobierno federal deje atr\u00e1s la represi\u00f3n y los maestros entiendan el compromiso mayor que tienen con nuestro pa\u00eds. Lamentablemente veo muy lejos que entiendan que la educaci\u00f3n es un motor para el desarrollo y no un reh\u00e9n de intereses mezquinos y un art\u00edculo de segunda necesidad en nuestro M\u00e9xico. Los maestros no deben ser utilizados ya como bot\u00edn de candidatos y partidos pol\u00edticos.<\/p>\n<p class=\"ecxMsoNormal\">Esperemos que las protestas que siguen no terminen igual que la del pasado domingo y que quepa la cordura en todas las partes involucradas. Y que el siguiente gobierno federal realmente se comprometa a una mejora integral del sistema educativo nacional, porque de este ya no espero nada.<\/p>\n<h3 class=\"ecxMsoNormal\">Analista pol\u00edtico<\/h3>\n<h3 class=\"ecxMsoNormal\">@aagsevilla<\/h3>\n","protected":false},"excerpt":{"rendered":"<p>CAVILANDO ANDO\/Alfonso Garc\u00eda Sevilla Amanecemos con la lamentable noticia del violento desalojo de maestros y organizaciones sociales adheridas a su movimiento, por parte de la polic\u00eda federal en Oaxaca, de las carreteras que hab\u00edan tomado en protesta por la reforma educativa y el encarcelamiento de los l\u00edderes de la CNTE. Este hecho arroja 6 muertos &hellip; <\/p>\n<p><a class=\"more-link btn\" href=\"https:\/\/lamendigapolitica.com\/?p=37576\">Seguir leyendo<\/a><\/p>\n","protected":false},"author":1,"featured_media":0,"comment_status":"open","ping_status":"closed","sticky":false,"template":"","format":"standard","meta":{"footnotes":""},"categories":[1,6,26,30,20,31,5,3],"tags":[],"class_list":["post-37576","post","type-post","status-publish","format-standard","hentry","category-columnista","category-congreso","category-cultura","category-economia","category-gobierno","category-internacional","category-partidos","category-politica","item-wrap"],"_links":{"self":[{"href":"https:\/\/lamendigapolitica.com\/index.php?rest_route=\/wp\/v2\/posts\/37576","targetHints":{"allow":["GET"]}}],"collection":[{"href":"https:\/\/lamendigapolitica.com\/index.php?rest_route=\/wp\/v2\/posts"}],"about":[{"href":"https:\/\/lamendigapolitica.com\/index.php?rest_route=\/wp\/v2\/types\/post"}],"author":[{"embeddable":true,"href":"https:\/\/lamendigapolitica.com\/index.php?rest_route=\/wp\/v2\/users\/1"}],"replies":[{"embeddable":true,"href":"https:\/\/lamendigapolitica.com\/index.php?rest_route=%2Fwp%2Fv2%2Fcomments&post=37576"}],"version-history":[{"count":1,"href":"https:\/\/lamendigapolitica.com\/index.php?rest_route=\/wp\/v2\/posts\/37576\/revisions"}],"predecessor-version":[{"id":37578,"href":"https:\/\/lamendigapolitica.com\/index.php?rest_route=\/wp\/v2\/posts\/37576\/revisions\/37578"}],"wp:attachment":[{"href":"https:\/\/lamendigapolitica.com\/index.php?rest_route=%2Fwp%2Fv2%2Fmedia&parent=37576"}],"wp:term":[{"taxonomy":"category","embeddable":true,"href":"https:\/\/lamendigapolitica.com\/index.php?rest_route=%2Fwp%2Fv2%2Fcategories&post=37576"},{"taxonomy":"post_tag","embeddable":true,"href":"https:\/\/lamendigapolitica.com\/index.php?rest_route=%2Fwp%2Fv2%2Ftags&post=37576"}],"curies":[{"name":"wp","href":"https:\/\/api.w.org\/{rel}","templated":true}]}}