{"id":37573,"date":"2016-06-20T14:30:32","date_gmt":"2016-06-20T19:30:32","guid":{"rendered":"http:\/\/lamendigapolitica.com\/blog\/?p=37573"},"modified":"2016-06-20T14:30:32","modified_gmt":"2016-06-20T19:30:32","slug":"pena-nieto-gira-instrucciones-para-solucionar-conflicto-en-oaxaca","status":"publish","type":"post","link":"https:\/\/lamendigapolitica.com\/?p=37573","title":{"rendered":"Pe\u00f1a Nieto gira instrucciones para solucionar conflicto en Oaxaca"},"content":{"rendered":"<p><a href=\"https:\/\/lamendigapolitica.com\/blog\/blog\/?attachment_id=37574\" rel=\"attachment wp-att-37574\"><img loading=\"lazy\" decoding=\"async\" class=\"aligncenter size-full wp-image-37574\" src=\"https:\/\/lamendigapolitica.com\/blog\/blog\/wp-content\/uploads\/2016\/06\/pe.jpg\" alt=\"pe\" width=\"295\" height=\"171\" \/><\/a><\/p>\n<p>&nbsp;<\/p>\n<p>A trav\u00e9s de su cuenta de Twitter el presidente Enrique Pe\u00f1a Nieto lament\u00f3 los hechos ocurridos el domingo en Nochiztl\u00e1n, Oaxaca, que dejaron como saldo seis personas muertas y decenas de heridos, as\u00ed como varios detenidos; adem\u00e1s de girar instrucciones para tomar las acciones necesarias a fin de solucionar el conflicto en esta entidad.<\/p>\n<p>&nbsp;<\/p>\n<p>El jefe del Ejecutivo federal se\u00f1al\u00f3 en su red social que instruy\u00f3 a la Secretar\u00eda de Salud (SSa) para atender a los lesionados derivados de los enfrentamientos entre simpatizantes de la Coordinadora Nacional de Trabajadores de la Educaci\u00f3n (CNTE) y la Polic\u00eda Federal (PF).\u00a0 Pe\u00f1a Nieto se\u00f1al\u00f3 que la Procuradur\u00eda General de la Rep\u00fablica (PGR) apoyar\u00e1 a la fiscal\u00eda local para esclarecer los hechos, con saldo de seis personas fallecidas y m\u00e1s de 90 heridos.<\/p>\n<p>&nbsp;<\/p>\n<p>\u201cAnte los lamentables hechos de violencia ocurridos el d\u00eda de ayer en Nochixtl\u00e1n, Oaxaca: lamento la p\u00e9rdida de vidas humanas. Mi solidaridad con sus familiares, as\u00ed como con las personas que resultaron heridas\u201d, indic\u00f3 en dos tuits.<\/p>\n","protected":false},"excerpt":{"rendered":"<p>&nbsp; A trav\u00e9s de su cuenta de Twitter el presidente Enrique Pe\u00f1a Nieto lament\u00f3 los hechos ocurridos el domingo en Nochiztl\u00e1n, Oaxaca, que dejaron como saldo seis personas muertas y decenas de heridos, as\u00ed como varios detenidos; adem\u00e1s de girar instrucciones para tomar las acciones necesarias a fin de solucionar el conflicto en esta entidad. &hellip; <\/p>\n<p><a class=\"more-link btn\" href=\"https:\/\/lamendigapolitica.com\/?p=37573\">Seguir leyendo<\/a><\/p>\n","protected":false},"author":1,"featured_media":0,"comment_status":"open","ping_status":"closed","sticky":false,"template":"","format":"standard","meta":{"footnotes":""},"categories":[6,20,5,3],"tags":[],"class_list":["post-37573","post","type-post","status-publish","format-standard","hentry","category-congreso","category-gobierno","category-partidos","category-politica","item-wrap"],"_links":{"self":[{"href":"https:\/\/lamendigapolitica.com\/index.php?rest_route=\/wp\/v2\/posts\/37573","targetHints":{"allow":["GET"]}}],"collection":[{"href":"https:\/\/lamendigapolitica.com\/index.php?rest_route=\/wp\/v2\/posts"}],"about":[{"href":"https:\/\/lamendigapolitica.com\/index.php?rest_route=\/wp\/v2\/types\/post"}],"author":[{"embeddable":true,"href":"https:\/\/lamendigapolitica.com\/index.php?rest_route=\/wp\/v2\/users\/1"}],"replies":[{"embeddable":true,"href":"https:\/\/lamendigapolitica.com\/index.php?rest_route=%2Fwp%2Fv2%2Fcomments&post=37573"}],"version-history":[{"count":1,"href":"https:\/\/lamendigapolitica.com\/index.php?rest_route=\/wp\/v2\/posts\/37573\/revisions"}],"predecessor-version":[{"id":37575,"href":"https:\/\/lamendigapolitica.com\/index.php?rest_route=\/wp\/v2\/posts\/37573\/revisions\/37575"}],"wp:attachment":[{"href":"https:\/\/lamendigapolitica.com\/index.php?rest_route=%2Fwp%2Fv2%2Fmedia&parent=37573"}],"wp:term":[{"taxonomy":"category","embeddable":true,"href":"https:\/\/lamendigapolitica.com\/index.php?rest_route=%2Fwp%2Fv2%2Fcategories&post=37573"},{"taxonomy":"post_tag","embeddable":true,"href":"https:\/\/lamendigapolitica.com\/index.php?rest_route=%2Fwp%2Fv2%2Ftags&post=37573"}],"curies":[{"name":"wp","href":"https:\/\/api.w.org\/{rel}","templated":true}]}}