{"id":37570,"date":"2016-06-20T14:22:56","date_gmt":"2016-06-20T19:22:56","guid":{"rendered":"http:\/\/lamendigapolitica.com\/blog\/?p=37570"},"modified":"2016-06-20T14:22:56","modified_gmt":"2016-06-20T19:22:56","slug":"intelectuales-piden-detener-represion-a-la-cnte","status":"publish","type":"post","link":"https:\/\/lamendigapolitica.com\/?p=37570","title":{"rendered":"Intelectuales piden detener represi\u00f3n a la CNTE"},"content":{"rendered":"<p><a href=\"https:\/\/lamendigapolitica.com\/blog\/blog\/?attachment_id=37571\" rel=\"attachment wp-att-37571\"><img loading=\"lazy\" decoding=\"async\" class=\"aligncenter size-full wp-image-37571\" src=\"https:\/\/lamendigapolitica.com\/blog\/blog\/wp-content\/uploads\/2016\/06\/exigen.jpg\" alt=\"exigen\" width=\"289\" height=\"174\" \/><\/a><\/p>\n<p>&nbsp;<\/p>\n<p>\u201cUna reforma educativa debe ser un pretexto para la discusi\u00f3n de ideas, no un pretexto para reprimir y acabar con los opositores, mediante el uso desmedido de la fuerza p\u00fablica y llenar las c\u00e1rceles de inconformes. Vayamos todos y todas por el di\u00e1logo, privilegiando la tolerancia\u201d claman intelectules ante el conflicto de los maestros dela CNTE.<\/p>\n<p>Exigieron adem\u00e1s a las autoridades parar la represi\u00f3n a la Coordinadora Nacional de Trabajadores de la Educaci\u00f3n (CNTE) y la instalaci\u00f3n de la mesa de trabajo que vienen solicitando los docentes desde que inici\u00f3 el paro el 15 de mayo pasado.<\/p>\n<p>&nbsp;<\/p>\n<p>El documento firmado por el pintor Francisco Toledo, el artista pl\u00e1stico Sabino Guisu, la poeta Elia Casillas, entre otros acad\u00e9micos, artistas y comunic\u00f3logos, condenaron la intimidaci\u00f3n por medio del uso de la fuerza p\u00fablica contra los maestros disidentes, en especial por lo que pas\u00f3 este domingo en Nochixtl\u00e1n, donde murieron seis personas y m\u00e1s de 100 resultaron heridas.<\/p>\n<p>&nbsp;<\/p>\n<p>Criticaron la incapacidad del gobierno para entablar un di\u00e1logo como medio de soluci\u00f3n de los conflictos sociales, lo cual debe de garantizar la libertad de expresi\u00f3n de todos los mexicanos sin importar posici\u00f3n pol\u00edtica.<\/p>\n","protected":false},"excerpt":{"rendered":"<p>&nbsp; \u201cUna reforma educativa debe ser un pretexto para la discusi\u00f3n de ideas, no un pretexto para reprimir y acabar con los opositores, mediante el uso desmedido de la fuerza p\u00fablica y llenar las c\u00e1rceles de inconformes. Vayamos todos y todas por el di\u00e1logo, privilegiando la tolerancia\u201d claman intelectules ante el conflicto de los maestros &hellip; <\/p>\n<p><a class=\"more-link btn\" href=\"https:\/\/lamendigapolitica.com\/?p=37570\">Seguir leyendo<\/a><\/p>\n","protected":false},"author":1,"featured_media":0,"comment_status":"open","ping_status":"closed","sticky":false,"template":"","format":"standard","meta":{"footnotes":""},"categories":[6,28,20,5,3],"tags":[],"class_list":["post-37570","post","type-post","status-publish","format-standard","hentry","category-congreso","category-educacion","category-gobierno","category-partidos","category-politica","item-wrap"],"_links":{"self":[{"href":"https:\/\/lamendigapolitica.com\/index.php?rest_route=\/wp\/v2\/posts\/37570","targetHints":{"allow":["GET"]}}],"collection":[{"href":"https:\/\/lamendigapolitica.com\/index.php?rest_route=\/wp\/v2\/posts"}],"about":[{"href":"https:\/\/lamendigapolitica.com\/index.php?rest_route=\/wp\/v2\/types\/post"}],"author":[{"embeddable":true,"href":"https:\/\/lamendigapolitica.com\/index.php?rest_route=\/wp\/v2\/users\/1"}],"replies":[{"embeddable":true,"href":"https:\/\/lamendigapolitica.com\/index.php?rest_route=%2Fwp%2Fv2%2Fcomments&post=37570"}],"version-history":[{"count":1,"href":"https:\/\/lamendigapolitica.com\/index.php?rest_route=\/wp\/v2\/posts\/37570\/revisions"}],"predecessor-version":[{"id":37572,"href":"https:\/\/lamendigapolitica.com\/index.php?rest_route=\/wp\/v2\/posts\/37570\/revisions\/37572"}],"wp:attachment":[{"href":"https:\/\/lamendigapolitica.com\/index.php?rest_route=%2Fwp%2Fv2%2Fmedia&parent=37570"}],"wp:term":[{"taxonomy":"category","embeddable":true,"href":"https:\/\/lamendigapolitica.com\/index.php?rest_route=%2Fwp%2Fv2%2Fcategories&post=37570"},{"taxonomy":"post_tag","embeddable":true,"href":"https:\/\/lamendigapolitica.com\/index.php?rest_route=%2Fwp%2Fv2%2Ftags&post=37570"}],"curies":[{"name":"wp","href":"https:\/\/api.w.org\/{rel}","templated":true}]}}