{"id":37565,"date":"2016-06-20T14:06:02","date_gmt":"2016-06-20T19:06:02","guid":{"rendered":"http:\/\/lamendigapolitica.com\/blog\/?p=37565"},"modified":"2016-06-20T14:08:52","modified_gmt":"2016-06-20T19:08:52","slug":"alberto-uribe-en-contra-de-mini-viviendas-en-su-municipio","status":"publish","type":"post","link":"https:\/\/lamendigapolitica.com\/?p=37565","title":{"rendered":"Alberto Uribe en contra de mini viviendas en su municipio"},"content":{"rendered":"<p><a href=\"https:\/\/lamendigapolitica.com\/blog\/blog\/?attachment_id=37566\" rel=\"attachment wp-att-37566\"><img loading=\"lazy\" decoding=\"async\" class=\"aligncenter size-full wp-image-37566\" src=\"https:\/\/lamendigapolitica.com\/blog\/blog\/wp-content\/uploads\/2016\/06\/uribe.jpg\" alt=\"uribe\" width=\"259\" height=\"194\" \/><\/a><\/p>\n<p>&nbsp;<\/p>\n<p>Aunque hay mucha molestia entre las constructoras Tlajomulco no recibir\u00e1 un\u00a0fraccionamiento m\u00e1s sin infraestructura, se\u00f1al\u00f3 el alcalde de este municipio Alberto Uribe, quien de paso exigi\u00f3 Gobierno Federal que quit\u00e9 de inmediato la promoci\u00f3n de casas de 60 metros cuadrados y al Infonavit, que ellos se vayan a vivir a una de esas, para ver si pueden vivir en esa calidad.<\/p>\n<p>&nbsp;<\/p>\n<p>\u201cPero muchas de ellas (las Constructoras) son culpables de fraccionamientos en muy mal estado, la mayor\u00eda no tendr\u00edan cara de decirnos nada y en materia de agua, pues estamos haciendo las exploraciones necesarias para poder empezar a resolver nuestra infraestructura y nos falta mucho, porque el problema del agua en el municipio es que el 100 por ciento la sacamos del subsuelo y si seguimos creciendo, vamos acabarnos todos los mantos acu\u00edferos y tendremos un desastre de dimensiones mayores\u201d.<\/p>\n<p>E n rueda de prensa Alberto Uribe, reconoci\u00f3 el grave problema de vivienda, y todo el derivado de conflictos en torno a las malas condiciones de los fraccionamientos, como es el transporte, agua, servicios m\u00e9dicos y escuelas, de ah\u00ed que anunci\u00f3 que pondr\u00e1 orden en el desarrollo urbano, a efecto de lograr mejorar la calidad de vida de los habitantes, y puso de ejempl el tama\u00f1o de las casas de 60 a 90 a metros cuadrados que en nada ayuda a las familias.<\/p>\n<p>De esta manera dio a conocer que \u00a0800 hect\u00e1reas cambian de uso de suelo en la Zona Valles y en la de las Plazas Outlet, que incluye Santa Fe, Chula Vista, Lomas del Mirador y el resto en vivienda popular, por lo que queda prohibida la construcci\u00f3n de vivienda en esa zona. \u201cEn total se elimina en el municipio la posibilidad de construir 36 mil casas, por lo anterior limitamos el aumento de la demanda de servicios de 144 mil personas\u201d.<\/p>\n<p>En otro punto destac\u00f3 la necesidad de que se proh\u00edban los mototaxis de tres ruedas, debido a la inseguridad que representan, aunque destac\u00f3 que los de cutaro ruedas deben permanecer toda vez que son un importante auxiliar para el traslado de las personas en determinados puntos del municipio.<\/p>\n<p>&nbsp;<\/p>\n","protected":false},"excerpt":{"rendered":"<p>&nbsp; Aunque hay mucha molestia entre las constructoras Tlajomulco no recibir\u00e1 un\u00a0fraccionamiento m\u00e1s sin infraestructura, se\u00f1al\u00f3 el alcalde de este municipio Alberto Uribe, quien de paso exigi\u00f3 Gobierno Federal que quit\u00e9 de inmediato la promoci\u00f3n de casas de 60 metros cuadrados y al Infonavit, que ellos se vayan a vivir a una de esas, para &hellip; <\/p>\n<p><a class=\"more-link btn\" href=\"https:\/\/lamendigapolitica.com\/?p=37565\">Seguir leyendo<\/a><\/p>\n","protected":false},"author":1,"featured_media":0,"comment_status":"open","ping_status":"closed","sticky":false,"template":"","format":"standard","meta":{"footnotes":""},"categories":[6,30,20,5,3],"tags":[],"class_list":["post-37565","post","type-post","status-publish","format-standard","hentry","category-congreso","category-economia","category-gobierno","category-partidos","category-politica","item-wrap"],"_links":{"self":[{"href":"https:\/\/lamendigapolitica.com\/index.php?rest_route=\/wp\/v2\/posts\/37565","targetHints":{"allow":["GET"]}}],"collection":[{"href":"https:\/\/lamendigapolitica.com\/index.php?rest_route=\/wp\/v2\/posts"}],"about":[{"href":"https:\/\/lamendigapolitica.com\/index.php?rest_route=\/wp\/v2\/types\/post"}],"author":[{"embeddable":true,"href":"https:\/\/lamendigapolitica.com\/index.php?rest_route=\/wp\/v2\/users\/1"}],"replies":[{"embeddable":true,"href":"https:\/\/lamendigapolitica.com\/index.php?rest_route=%2Fwp%2Fv2%2Fcomments&post=37565"}],"version-history":[{"count":3,"href":"https:\/\/lamendigapolitica.com\/index.php?rest_route=\/wp\/v2\/posts\/37565\/revisions"}],"predecessor-version":[{"id":37569,"href":"https:\/\/lamendigapolitica.com\/index.php?rest_route=\/wp\/v2\/posts\/37565\/revisions\/37569"}],"wp:attachment":[{"href":"https:\/\/lamendigapolitica.com\/index.php?rest_route=%2Fwp%2Fv2%2Fmedia&parent=37565"}],"wp:term":[{"taxonomy":"category","embeddable":true,"href":"https:\/\/lamendigapolitica.com\/index.php?rest_route=%2Fwp%2Fv2%2Fcategories&post=37565"},{"taxonomy":"post_tag","embeddable":true,"href":"https:\/\/lamendigapolitica.com\/index.php?rest_route=%2Fwp%2Fv2%2Ftags&post=37565"}],"curies":[{"name":"wp","href":"https:\/\/api.w.org\/{rel}","templated":true}]}}